{"id":943,"date":"2019-01-27T14:43:52","date_gmt":"2019-01-27T13:43:52","guid":{"rendered":"http:\/\/www.dahms-projekt.de\/wordpress\/?p=943"},"modified":"2019-01-27T14:45:45","modified_gmt":"2019-01-27T13:45:45","slug":"premiere-la-sonnambula","status":"publish","type":"post","link":"https:\/\/www.dahms-projekt.de\/wordpress\/2019\/01\/27\/premiere-la-sonnambula\/","title":{"rendered":"Premiere &#8222;La Sonnambula&#8220;"},"content":{"rendered":"<p><strong>Melodramma<\/strong> von Vincenzo Bellini<\/p>\n<p><strong>Besuch der Premiere<\/strong> an der Deutschen Oper Berlin am 26. Januar 2019 <!--more--><strong>Libretto<\/strong> von Felice Romani; <strong>Urauff\u00fchrung:<\/strong> 6. M\u00e4rz 1831 am Teatro Carcano in Mailand<br \/>\n<strong>Eine \u00dcbernahme der Oper Stuttgart; Premiere<\/strong> am 22. Januar 2012 in Stuttgart<\/p>\n<p><strong>Musikalische Leitung<\/strong> Stephan Zilias\u00a0 <strong>Regie und Dramaturgie<\/strong> Jossi Wieler Sergio Morabito\u00a0 <strong>B\u00fchne, Kost\u00fcme<\/strong> Anna Viebrock <strong>Licht<\/strong> Reinhard Traub\u00a0 <strong>Ch\u00f6re<\/strong> Jeremy Bines<strong>\u00a0 Dramaturgische Betreuung<\/strong> Lars Gebhardt<\/p>\n<p><strong>Mit:<\/strong><br \/>\n<strong>Graf Rodolfo<\/strong> Ante Jerkunica\u00a0 <strong>Teresa<\/strong> Helene Schneiderman <strong>Amina<\/strong> Venera Gimadieva <strong>Elvino<\/strong> J\u00e9sus Le\u00f3n\u00a0 <strong>Lisa<\/strong> Alexandra Hutton\u00a0 <strong>Alessio<\/strong> Andrew Harris\u00a0 <strong>Ein Notar<\/strong> J\u00f6rg Sch\u00f6rner\u00a0 <strong>Ch\u00f6re<\/strong> Chor der Deutschen Oper Berlin\u00a0 <strong>Orchester<\/strong> Orchester der Deutschen Oper Berlin<\/p>\n<p>&#8222;Jossi Wieler und Sergio Morabito erarbeiten ihre 2012 f\u00fcr die Staatsoper Stuttgart entstandene Inszenierung in der kongenialen Ausstattung von Anna Viebrock neu f\u00fcr die Deutsche Oper Berlin. Die romantische Idylle des Schweizer Bergdorfes \u00fcbersetzen sie in die biedere Enge eines Dorfgasthofes.&#8220; [<strong>Deutsche Oper Berlin<\/strong>]<\/p>\n<hr \/>\n<p><strong>Besuchsbericht:<\/strong><\/p>\n<p>Dem B\u00fchnenbild und der erz\u00e4hlten Geschichte nach k\u00f6nnte das St\u00fcck zu einer Bauernkom\u00f6die geh\u00f6ren. Die Handlung spielt in einem Dorfgasthaus irgendwo \u201cin den Bergen\u201c es liegt in einem Tal an einem Weg, der zu einem Schloss hinauff\u00fchrt. Eine idyllische Umgebung mit bodenst\u00e4ndiger Bauerngesellschaft. Man findet sich im Gasthaus zusammen, um die Hochzeit einer armen Waise mit dem reichsten Bauern der Gemeinde vorzubereiten. Es erscheint ein Fremder, dem Habitus der Erscheinung nach ein St\u00e4dter auf Durchreise. Er muss wegen beginnender D\u00e4mmerung ein Zimmer im Gasthaus f\u00fcr die Nacht nehmen, um am n\u00e4chsten Morgen zum Schloss, das sein Ziel ist weiterzuziehen.<\/p>\n<figure id=\"attachment_946\" aria-describedby=\"caption-attachment-946\" style=\"width: 620px\" class=\"wp-caption aligncenter\"><img loading=\"lazy\" decoding=\"async\" class=\"wp-image-946 size-full\" src=\"https:\/\/www.dahms-projekt.de\/wordpress\/wp-content\/uploads\/2019\/01\/Sonnambula_17_620x280.jpg\" alt=\"\" width=\"620\" height=\"280\" srcset=\"https:\/\/www.dahms-projekt.de\/wordpress\/wp-content\/uploads\/2019\/01\/Sonnambula_17_620x280.jpg 620w, https:\/\/www.dahms-projekt.de\/wordpress\/wp-content\/uploads\/2019\/01\/Sonnambula_17_620x280-150x68.jpg 150w, https:\/\/www.dahms-projekt.de\/wordpress\/wp-content\/uploads\/2019\/01\/Sonnambula_17_620x280-300x135.jpg 300w\" sizes=\"auto, (max-width: 620px) 100vw, 620px\" \/><figcaption id=\"caption-attachment-946\" class=\"wp-caption-text\"><strong>Foto<\/strong> \u00a9 Bernd Uhlig<\/figcaption><\/figure>\n<p>In der sich entwickelnden Handlung zeigt es sich, dass der Komponist den Ort und die Geschichte nur als einen Rahmen f\u00fcr das sich entwickelnde Drama von Seelennot, Hoffnungen und verdr\u00e4ngten Verwicklungen und Geschehnissen sieht. Durch ungl\u00fcckliche Verquickungen, verursacht durch die latente Neigung der Braut Armina zum Schlafwandeln kommt diese in eine verf\u00e4ngliche Situation im Schlafzimmer des Gastes. Die Dorfgemeinschaft, die schon misstrauisch gegen\u00fcber der Herkunft des Gastes und dessen Pl\u00e4nen war, platzt in die verf\u00e4ngliche Situation und erwischt beide in flagranti. Die Situation ist f\u00fcr sie klar, von Schlafwandeln keine Ahnung ist f\u00fcr alle die Situation klar, Armina hat die Hochzeitsnacht in den Armen des Gastes verbracht. Die scheinbar Schuldige hat jedoch keine Ahnung von den Vorg\u00e4ngen, weil sie immer noch schl\u00e4ft. Die Hochzeit wird vom Br\u00e4utigam abgesagt und das Ungl\u00fcck nimmt seinen Lauf.<br \/>\nAus dieser Situation hat Bellini seine Musik entwickelt und jeden komischen Effekt unterdr\u00fcckt. Diese \u201eOpera semiseria\u201c ist ganz auf die Titelfigur der Amina bezogen, die in \u201eunendlichen Gesangslinien\u201c ihr Seelenleid beklagt und auf unterschiedliche Ebene ihre Gedanken vermittelt. Diese langen Arien und diese in Gesang erz\u00e4hlenden Gem\u00fctszust\u00e4nde machen diese Oper zur \u201eBelcanto-Oper\u201c des 19.Jahrhundert und machten sie zu der meistgespielten von Vincenco Bellini. Die weiteren Hauptcharaktere dieser Oper bewegen sich in dem gleichen Muster und sind hier bestens besetzt.<\/p>\n<figure id=\"attachment_945\" aria-describedby=\"caption-attachment-945\" style=\"width: 620px\" class=\"wp-caption aligncenter\"><img loading=\"lazy\" decoding=\"async\" class=\"wp-image-945 size-full\" src=\"https:\/\/www.dahms-projekt.de\/wordpress\/wp-content\/uploads\/2019\/01\/Sonnambula_09_620x280.jpg\" alt=\"\" width=\"620\" height=\"280\" srcset=\"https:\/\/www.dahms-projekt.de\/wordpress\/wp-content\/uploads\/2019\/01\/Sonnambula_09_620x280.jpg 620w, https:\/\/www.dahms-projekt.de\/wordpress\/wp-content\/uploads\/2019\/01\/Sonnambula_09_620x280-150x68.jpg 150w, https:\/\/www.dahms-projekt.de\/wordpress\/wp-content\/uploads\/2019\/01\/Sonnambula_09_620x280-300x135.jpg 300w\" sizes=\"auto, (max-width: 620px) 100vw, 620px\" \/><figcaption id=\"caption-attachment-945\" class=\"wp-caption-text\"><strong>Foto<\/strong> \u00a9 Bernd Uhlig<\/figcaption><\/figure>\n<p>Zum Schluss werden alle Missverst\u00e4ndnisse gekl\u00e4rt und alle finden wieder zusammen und sind gl\u00fccklich. Eine Oper braucht eben doch ein \u201eHappyend\u201c.<br \/>\nBegeisterter Applaus f\u00fcr die S\u00e4nger, besonders f\u00fcr Venera Gimadieva als Amina und auch f\u00fcr die anderen Solisten, f\u00fcr den Chor der Deutschen Oper als \u201eDorfbewohner\u201c und \u201eaktiv beim Szenenumbau\u201c auf der B\u00fchne. Einige Buhs gab es f\u00fcr das B\u00fchnenteam.<\/p>\n<p><strong>Peter Dahms<\/strong> [OpernInfo-Berlin.de]<\/p>\n<hr \/>\n<p><strong><b>Weitere Termine:<\/b><br \/>\n<\/strong><\/p>\n<div><b>am<\/b> 2.2\/ 7.2\/ 10.2.\/ 18.5 und <b>der letzte Termin in dieser Saison am 25.5.2019<\/b><\/div>\n<p><strong>\u00a0<\/strong><\/p>\n<p>&nbsp;<\/p>\n<p><strong>Alle Fotos<\/strong> \u00a9 Bernd Uhlig<\/p>\n","protected":false},"excerpt":{"rendered":"<p>Melodramma von Vincenzo Bellini Besuch der Premiere an der Deutschen Oper Berlin am 26. Januar 2019<\/p>\n","protected":false},"author":1,"featured_media":944,"comment_status":"closed","ping_status":"closed","sticky":false,"template":"","format":"standard","meta":{"footnotes":""},"categories":[5,4],"tags":[],"class_list":["post-943","post","type-post","status-publish","format-standard","has-post-thumbnail","hentry","category-opernbesuche","category-termine"],"_links":{"self":[{"href":"https:\/\/www.dahms-projekt.de\/wordpress\/wp-json\/wp\/v2\/posts\/943","targetHints":{"allow":["GET"]}}],"collection":[{"href":"https:\/\/www.dahms-projekt.de\/wordpress\/wp-json\/wp\/v2\/posts"}],"about":[{"href":"https:\/\/www.dahms-projekt.de\/wordpress\/wp-json\/wp\/v2\/types\/post"}],"author":[{"embeddable":true,"href":"https:\/\/www.dahms-projekt.de\/wordpress\/wp-json\/wp\/v2\/users\/1"}],"replies":[{"embeddable":true,"href":"https:\/\/www.dahms-projekt.de\/wordpress\/wp-json\/wp\/v2\/comments?post=943"}],"version-history":[{"count":7,"href":"https:\/\/www.dahms-projekt.de\/wordpress\/wp-json\/wp\/v2\/posts\/943\/revisions"}],"predecessor-version":[{"id":953,"href":"https:\/\/www.dahms-projekt.de\/wordpress\/wp-json\/wp\/v2\/posts\/943\/revisions\/953"}],"wp:featuredmedia":[{"embeddable":true,"href":"https:\/\/www.dahms-projekt.de\/wordpress\/wp-json\/wp\/v2\/media\/944"}],"wp:attachment":[{"href":"https:\/\/www.dahms-projekt.de\/wordpress\/wp-json\/wp\/v2\/media?parent=943"}],"wp:term":[{"taxonomy":"category","embeddable":true,"href":"https:\/\/www.dahms-projekt.de\/wordpress\/wp-json\/wp\/v2\/categories?post=943"},{"taxonomy":"post_tag","embeddable":true,"href":"https:\/\/www.dahms-projekt.de\/wordpress\/wp-json\/wp\/v2\/tags?post=943"}],"curies":[{"name":"wp","href":"https:\/\/api.w.org\/{rel}","templated":true}]}}