{"id":520,"date":"2018-05-02T12:26:26","date_gmt":"2018-05-02T10:26:26","guid":{"rendered":"http:\/\/www.dahms-projekt.de\/wordpress\/?p=520"},"modified":"2018-05-03T07:01:19","modified_gmt":"2018-05-03T05:01:19","slug":"romeo-und-julia","status":"publish","type":"post","link":"https:\/\/www.dahms-projekt.de\/wordpress\/2018\/05\/02\/romeo-und-julia\/","title":{"rendered":"Romeo und Julia"},"content":{"rendered":"<p><strong>Choreographie und Inszenierung<\/strong> von Nacho Duato<br \/>\n<strong>Musik<\/strong> von Serge Prokofieff<br \/>\n<strong>PREMIERE am 29.April 2018 in der Staatsoper Unter den Linden.<br \/>\n<\/strong><\/p>\n<p><!--more--><strong>Mit:<\/strong><\/p>\n<p style=\"text-align: left;\"><strong>Julia:<\/strong> Polina Semionova<br \/>\n<strong>Romeo:<\/strong> Ivan Zaytsev a.G.<br \/>\n<strong>Mercutio:<\/strong> Arshak Ghalumyan<br \/>\n<strong>Benvolio:<\/strong> Nikolay Korypaev<br \/>\n<strong>Paris:<\/strong> Olaf Kollmannsperger<br \/>\n<strong>Tybalt:<\/strong> Federico Spallitta<br \/>\n<strong>Lady Capulet:<\/strong> Aurora Dickie<br \/>\n<strong>Lord Capulet:<\/strong> Alexej Orlenco<br \/>\n<strong>Julias Amme:<\/strong> Beatrice Knop<br \/>\n<strong>Pater Lorenzo:<\/strong> Tommaso Renda<br \/>\n<strong>Es tanzen:<\/strong> Solisten und Corps de ballet des Staatsballetts Berlin<!--more--><strong>B\u00fchne:<\/strong> Jaffar Chalabi nach Carles Puyol und Pau Renda<br \/>\n<strong>Kost\u00fcme:<\/strong> Angelina Atlagic<br \/>\n<strong>Licht:<\/strong> Brad Fields<br \/>\n<strong>Musikalische Leitung:<\/strong> Paul Connelly<br \/>\n<strong>Orchester:<\/strong> Staatskapelle Berlin<!--more--><\/p>\n<figure id=\"attachment_522\" aria-describedby=\"caption-attachment-522\" style=\"width: 620px\" class=\"wp-caption alignnone\"><img loading=\"lazy\" decoding=\"async\" class=\"size-full wp-image-522\" src=\"https:\/\/www.dahms-projekt.de\/wordpress\/wp-content\/uploads\/2018\/04\/RomeoJulia_FER2537_620x280.jpg\" alt=\"\" width=\"620\" height=\"280\" srcset=\"https:\/\/www.dahms-projekt.de\/wordpress\/wp-content\/uploads\/2018\/04\/RomeoJulia_FER2537_620x280.jpg 620w, https:\/\/www.dahms-projekt.de\/wordpress\/wp-content\/uploads\/2018\/04\/RomeoJulia_FER2537_620x280-150x68.jpg 150w, https:\/\/www.dahms-projekt.de\/wordpress\/wp-content\/uploads\/2018\/04\/RomeoJulia_FER2537_620x280-300x135.jpg 300w\" sizes=\"auto, (max-width: 620px) 100vw, 620px\" \/><figcaption id=\"caption-attachment-522\" class=\"wp-caption-text\">\u00a9 Fernando_Marcos<\/figcaption><\/figure>\n<p>\u201eDie Geschichte von Romeo &amp; Julia kennt wohl jeder, der sich f\u00fcr Kultur interessiert oder auch nur, weil die Namen dieses Liebespaars schon seit Langem als Synonym zum normalen Sprachgebrauch geh\u00f6ren. Romeo &amp; Julia beschreibt die ungl\u00fcckliche Geschichte von zwei jungen Menschen, die sich auf den ersten Blick ineinander verlieben und die durch die Unvers\u00f6hnlichkeit und Ignoranz ihrer Umgebung in den Tod getrieben werden. Das passierte nicht nur in der Renaissance, in der diese Geschichte spielt. Die Engstirnigkeit und Feindschaft zwischen zwei Familien oder Gruppen von Menschen, wie sie hier die Capulets und die Montagues praktizieren ist zeitlos und ein Liebespaar, das dadurch in sein Ungl\u00fcck getrieben wird ebenso. Manch einer meint, dass diese Geschichte nicht mehr in unsere Zeit passt und total \u00fcberholt und altmodisch w\u00e4re. Wenn man das St\u00fcck jedoch als Symptom f\u00fcr menschliche Schw\u00e4chen und menschliches Verhalten sieht, dann erkennt man, dass es Aktualit\u00e4t zu jeder Zeit hat.\u201c<strong>[Renate Dahms]<\/strong><\/p>\n<p>Die zuletzt von mir besuchte Auff\u00fchrung von Shakespeares Romeo&amp;Julia war in der Choreografie von John Cranko und das ist schon einige Jahre her. Am 15. Juni 2014 in der Deutschen Oper Berlin getanzt von Iana Salenko und Marian Walter. Da bot es sich an, die beiden Choreografien nebeneinander zu betrachten.<\/p>\n<p><!--more--><\/p>\n<figure id=\"attachment_523\" aria-describedby=\"caption-attachment-523\" style=\"width: 620px\" class=\"wp-caption alignnone\"><img loading=\"lazy\" decoding=\"async\" class=\"size-full wp-image-523\" src=\"https:\/\/www.dahms-projekt.de\/wordpress\/wp-content\/uploads\/2018\/04\/RomeoJulia_FER3343_620x380.jpg\" alt=\"\" width=\"620\" height=\"380\" srcset=\"https:\/\/www.dahms-projekt.de\/wordpress\/wp-content\/uploads\/2018\/04\/RomeoJulia_FER3343_620x380.jpg 620w, https:\/\/www.dahms-projekt.de\/wordpress\/wp-content\/uploads\/2018\/04\/RomeoJulia_FER3343_620x380-150x92.jpg 150w, https:\/\/www.dahms-projekt.de\/wordpress\/wp-content\/uploads\/2018\/04\/RomeoJulia_FER3343_620x380-300x184.jpg 300w\" sizes=\"auto, (max-width: 620px) 100vw, 620px\" \/><figcaption id=\"caption-attachment-523\" class=\"wp-caption-text\">Foto \u00a9 Fernando_Marcos<\/figcaption><\/figure>\n<p><!--more--><\/p>\n<p>Renate Dahms schreibt dazu in ihrem Besuchsbericht von der Premiere am 9. Februar 2012: \u201eJohn Cranko hat seine Choreografie nicht nur als eine Aufeinanderfolge von mehr oder weniger spektakul\u00e4ren Soli und Pas-de-Deux und ein opulentes B\u00fchnenbild mit gro\u00dfen Gruppen entwickelt, sondern er ist der Geschichte Wort f\u00fcr Wort gefolgt und hat den Gef\u00fchlen, den Emotionen, den Gesten und den Affekten in seiner Interpretation viel Raum gegeben. Die Inszenierung wurde behutsam an die heutigen medialen Erwartungen angepasst. Das B\u00fchnenbild unterst\u00fctzt die R\u00e4umlichkeit der Szenen und das Licht durch Hervorhebungen den Szenenablauf. Georgette Tsinguirides setzte gewissenhaft als langj\u00e4hrige Partnerin die chorografischen Vorgaben und das Verm\u00e4chtnis John Crankos um. Thomas Mika entwickelte das B\u00fchnenbild und die Lichtgestaltung aus der Geschichte heraus und passte sie den modernen Erwartungen des Publikums an. Serge Prokofieff Musik unterst\u00fctzt mit einschmeichelnden Melodien die Choreografie.\u201c<\/p>\n<p>Bei der Choreografie von Nacho Duato in der heutigen Premiere f\u00e4llt sofort auf, dass die Julia getanzt von Polina Semionova und die anderen T\u00e4nzerinnen keine Spitzenschuhe tragen, weiterhin ist das B\u00fchnenbild von schlichter Einfachheit und die Kost\u00fcme der K\u00fcnstler zeigen eine Mode, die in die Welt und die Zeit der Handlung zur\u00fcckf\u00fchren. Der Partner von Polina Semionova Ivan Zaytsev als Romeo Montague pr\u00e4sentiert in seiner Rolle Einf\u00fchlsamkeit und Ausdruckskraft gepaart mit einem glaubw\u00fcrdigen Ausdruck als ein Liebespaar.<\/p>\n<figure id=\"attachment_524\" aria-describedby=\"caption-attachment-524\" style=\"width: 620px\" class=\"wp-caption alignnone\"><img loading=\"lazy\" decoding=\"async\" class=\"size-full wp-image-524\" src=\"https:\/\/www.dahms-projekt.de\/wordpress\/wp-content\/uploads\/2018\/04\/RomeoJulia_FER3638_620x400.jpg\" alt=\"\" width=\"620\" height=\"400\" srcset=\"https:\/\/www.dahms-projekt.de\/wordpress\/wp-content\/uploads\/2018\/04\/RomeoJulia_FER3638_620x400.jpg 620w, https:\/\/www.dahms-projekt.de\/wordpress\/wp-content\/uploads\/2018\/04\/RomeoJulia_FER3638_620x400-150x97.jpg 150w, https:\/\/www.dahms-projekt.de\/wordpress\/wp-content\/uploads\/2018\/04\/RomeoJulia_FER3638_620x400-300x194.jpg 300w\" sizes=\"auto, (max-width: 620px) 100vw, 620px\" \/><figcaption id=\"caption-attachment-524\" class=\"wp-caption-text\">Foto \u00a9 Fernando_Marcos<\/figcaption><\/figure>\n<p><!--more--><\/p>\n<p>Ebenso wir John Cranko hat Nacho Duato seine Choreografie nicht nur als eine Aufeinanderfolge von mehr oder weniger spektakul\u00e4ren Soli und Pas-de-Deux und ein opulentes B\u00fchnenbild mit gro\u00dfen Gruppen entwickelt, sondern er ist der Geschichte Wort f\u00fcr Wort gefolgt und hat den Gef\u00fchlen, den Emotionen, den Gesten und den Affekten in seiner Interpretation viel Raum gegeben. Die Inszenierung wurde behutsam an die heutigen medialen Erwartungen angepasst. Das B\u00fchnenbild unterst\u00fctzt die R\u00e4umlichkeit der Szenen und das Licht durch Hervorhebungen den Szenenablauf.<\/p>\n<p>Zum Ende der Vorstellung bekamen die Darsteller, der musikalische Leiter mit seinem Orchester und die Verantwortlichen f\u00fcr Choreografie, Kost\u00fcme und B\u00fchne ihren verdienten, begeisterten Beifall. Romeo &amp; Julia ist auch in jeder neuen Choreografie und Inszenierung immer wieder ein zeitloses Erlebnis und das steht auch hier wieder, f\u00fcr die Interpretation des Themas durch Nacho Duato.<\/p>\n<p><strong>Peter Dahms<\/strong> [TanzInfo-Berlin.de]<\/p>\n<p><!--more--><\/p>\n<p><em><strong>Weitere Termine:<\/strong><\/em> SA <strong>05.05<\/strong>.2018; SO <strong>13.05<\/strong>.2018; SA <strong>26.05.<\/strong>2018; DI <strong>12.06.<\/strong>2018 ; MI <strong>20.06.<\/strong>2018 ;SA <strong>23.06.<\/strong>2018<\/p>\n<p><strong>Alle Fotos<\/strong> \u00a9 Fernando_Marcos<\/p>\n","protected":false},"excerpt":{"rendered":"<p>Choreographie und Inszenierung von Nacho Duato Musik von Serge Prokofieff PREMIERE am 29.April 2018 in der Staatsoper Unter den Linden.<\/p>\n","protected":false},"author":1,"featured_media":521,"comment_status":"closed","ping_status":"closed","sticky":false,"template":"","format":"standard","meta":{"footnotes":""},"categories":[6,4],"tags":[],"class_list":["post-520","post","type-post","status-publish","format-standard","has-post-thumbnail","hentry","category-besuchetanz","category-termine"],"_links":{"self":[{"href":"https:\/\/www.dahms-projekt.de\/wordpress\/wp-json\/wp\/v2\/posts\/520","targetHints":{"allow":["GET"]}}],"collection":[{"href":"https:\/\/www.dahms-projekt.de\/wordpress\/wp-json\/wp\/v2\/posts"}],"about":[{"href":"https:\/\/www.dahms-projekt.de\/wordpress\/wp-json\/wp\/v2\/types\/post"}],"author":[{"embeddable":true,"href":"https:\/\/www.dahms-projekt.de\/wordpress\/wp-json\/wp\/v2\/users\/1"}],"replies":[{"embeddable":true,"href":"https:\/\/www.dahms-projekt.de\/wordpress\/wp-json\/wp\/v2\/comments?post=520"}],"version-history":[{"count":7,"href":"https:\/\/www.dahms-projekt.de\/wordpress\/wp-json\/wp\/v2\/posts\/520\/revisions"}],"predecessor-version":[{"id":539,"href":"https:\/\/www.dahms-projekt.de\/wordpress\/wp-json\/wp\/v2\/posts\/520\/revisions\/539"}],"wp:featuredmedia":[{"embeddable":true,"href":"https:\/\/www.dahms-projekt.de\/wordpress\/wp-json\/wp\/v2\/media\/521"}],"wp:attachment":[{"href":"https:\/\/www.dahms-projekt.de\/wordpress\/wp-json\/wp\/v2\/media?parent=520"}],"wp:term":[{"taxonomy":"category","embeddable":true,"href":"https:\/\/www.dahms-projekt.de\/wordpress\/wp-json\/wp\/v2\/categories?post=520"},{"taxonomy":"post_tag","embeddable":true,"href":"https:\/\/www.dahms-projekt.de\/wordpress\/wp-json\/wp\/v2\/tags?post=520"}],"curies":[{"name":"wp","href":"https:\/\/api.w.org\/{rel}","templated":true}]}}