{"id":368,"date":"2018-03-12T19:57:57","date_gmt":"2018-03-12T18:57:57","guid":{"rendered":"http:\/\/www.dahms-projekt.de\/wordpress\/?p=368"},"modified":"2018-03-16T09:05:50","modified_gmt":"2018-03-16T08:05:50","slug":"figures-in-a-landscape","status":"publish","type":"post","link":"https:\/\/www.dahms-projekt.de\/wordpress\/2018\/03\/12\/figures-in-a-landscape\/","title":{"rendered":"FIGURES IN A LANDSCAPE"},"content":{"rendered":"<p><em>Ein internationales, interdisziplin\u00e4res Projekt<\/em><br \/>\n<em> zwischen bildender Kunst und Tanz-Choreografie<\/em><\/p>\n<p><strong>Premiere: 29.03.2018, 18.00 Uhr<\/strong><br \/>\n<strong> Weitere Vorstellungen: 30.03.-02.04.2018, jeweils 16.00 Uhr<\/strong><br \/>\n<strong> Ort: Gem\u00e4ldegalerie, Matth\u00e4ikirchplatz, 10785 Berlin<\/strong><br \/>\nTickets: 12 \u20ac \/ erm\u00e4\u00dfigt 6 \u20ac<br \/>\nReservierung: Tel.: 030 &#8211; 266 42 42 42 (Mo &#8211; Fr, 9 &#8211; 16 Uhr)<!--more--><\/p>\n<p>&#8222;Figures in a Landscape ist eine Meditation \u00fcber lebendige Malerei und bewegte Skulpturen, ein Dialog zwischen bildender Kunst und Tanz, zwischen europ\u00e4ischer und chinesischer Kultur. Wo ist die Verbindung? Wie kann diese Kommunikation entstehen?&#8220;<\/p>\n<p>&#8222;Ausgangspunkt waren die Kost\u00fcmentw\u00fcrfe des britischen bildenden K\u00fcnstlers Jonathan Baldock, inspiriert durch so verschiedene Bez\u00fcge und Einfl\u00fcsse wie mittelalterliche M\u00f6nchskutten, chinesische Opernkost\u00fcme oder die Abstraktion der europ\u00e4ischen Moderne. Baldock: \u201eMeine Praxis bezieht sich st\u00e4ndig auf die menschliche Form. Deshalb ist es f\u00fcr mich eine nat\u00fcrliche Weiterentwicklung, lebendige K\u00f6rper in meine Arbeit zu integrieren.\u201c<\/p>\n<p><!--more--><\/p>\n<figure id=\"attachment_395\" aria-describedby=\"caption-attachment-395\" style=\"width: 420px\" class=\"wp-caption alignnone\"><img loading=\"lazy\" decoding=\"async\" class=\"size-full wp-image-395\" src=\"https:\/\/www.dahms-projekt.de\/wordpress\/wp-content\/uploads\/2018\/03\/Figures_3_420x280.jpg\" alt=\"\" width=\"420\" height=\"280\" srcset=\"https:\/\/www.dahms-projekt.de\/wordpress\/wp-content\/uploads\/2018\/03\/Figures_3_420x280.jpg 420w, https:\/\/www.dahms-projekt.de\/wordpress\/wp-content\/uploads\/2018\/03\/Figures_3_420x280-150x100.jpg 150w, https:\/\/www.dahms-projekt.de\/wordpress\/wp-content\/uploads\/2018\/03\/Figures_3_420x280-300x200.jpg 300w\" sizes=\"auto, (max-width: 420px) 100vw, 420px\" \/><figcaption id=\"caption-attachment-395\" class=\"wp-caption-text\">Foto @Jonathan Baldock<\/figcaption><\/figure>\n<p>&#8222;F\u00fcr Jutta Hell und Dieter Baumann wiederum, die mit ihrer Tanzcompagnie Rubato seit 1985 Teil der freien deutschen Tanzszene sind und nun bereits \u00fcber mehr als 20 Jahre immer wieder Ko-Produktionen mit K\u00fcnstlern in und aus China realisieren, spielt der Begriff des \u201eSkulpturalen\u201c eine zentrale Rolle: Aus der bewegten Skulptur l\u00e4sst sich eine Mannigfaltigkeit \u00e4sthetischer Formen entwickeln. Hell\/Baumann verleihen mit ihrer Choreografie der Materialit\u00e4t von Baldocks Kost\u00fcmen eine zus\u00e4tzliche Dimension. Sie werden an den K\u00f6rpern der acht T\u00e4nzer*innen, in der Bewegung, durch den Tanz, immer wieder anders arrangiert, erhalten einen eigenst\u00e4ndigen Rhythmus in Linienf\u00fchrung, Form- und Farbgebung, schaffen neue Bilder und Bedeutungen.&#8220;<\/p>\n<figure id=\"attachment_396\" aria-describedby=\"caption-attachment-396\" style=\"width: 620px\" class=\"wp-caption alignnone\"><img loading=\"lazy\" decoding=\"async\" class=\"wp-image-396 size-full\" src=\"https:\/\/www.dahms-projekt.de\/wordpress\/wp-content\/uploads\/2018\/03\/figures_a_620x480.jpg\" alt=\"\" width=\"620\" height=\"280\" srcset=\"https:\/\/www.dahms-projekt.de\/wordpress\/wp-content\/uploads\/2018\/03\/figures_a_620x480.jpg 620w, https:\/\/www.dahms-projekt.de\/wordpress\/wp-content\/uploads\/2018\/03\/figures_a_620x480-150x68.jpg 150w, https:\/\/www.dahms-projekt.de\/wordpress\/wp-content\/uploads\/2018\/03\/figures_a_620x480-300x135.jpg 300w\" sizes=\"auto, (max-width: 620px) 100vw, 620px\" \/><figcaption id=\"caption-attachment-396\" class=\"wp-caption-text\">Foto @Jonathan Baldock<\/figcaption><\/figure>\n<p>&#8222;Der Titel des St\u00fcckes, Figures in a Landscape, nimmt Bezug auf eine lange Tradition in der bildenden Kunst, die sowohl im Westen als auch in Asien\/China existiert und bezieht gleichzeitig den Spielort \u201eMuseum\u201c als gestaltendes Element in die Gesamtheit von Wahrnehmungen und Reflektionen mit ein. So wird nur durch K\u00f6rper und Kost\u00fcme, in Aktion und Stille, ein Klang erzeugt, der diesen Raum ohne \u00fcberformende musikalische Komponente erf\u00fcllt. Es entsteht eine gro\u00dfe, dynamische Skulptur in kontinuierlicher Metamorphose \u2013 ein korrespondierender, kreisender Prozess von Werden und Vergehen.&#8220;<\/p>\n<p><!--more--><\/p>\n<ul>\n<li><em><strong>K\u00fcnstlerische Leitung<\/strong> Jutta Hell, Dieter Baumann |<\/em><\/li>\n<li><em><strong> Inszenierung, Choreografie<\/strong> Jutta Hell |<\/em><br \/>\n<em><strong> T\u00e4nzerInnen, Choreografie<\/strong> Li Ling Xi, Dieter Baumann, Carlos Osantinsky, Yuebing Luo, Anja Sielaff, Wang Zhen Jun, Er Gao, Alessandra Defazio |<\/em><\/li>\n<li><em><strong> Kost\u00fcm, Skulptur<\/strong> Jonathan Baldock | <\/em><\/li>\n<li><em><strong>Licht<\/strong> Fabian Bleisch | <\/em><\/li>\n<li><em><strong>Produktionsleitung<\/strong> Inge Zysk<br \/>\n<\/em><\/li>\n<\/ul>\n","protected":false},"excerpt":{"rendered":"<p>Ein internationales, interdisziplin\u00e4res Projekt zwischen bildender Kunst und Tanz-Choreografie Premiere: 29.03.2018, 18.00 Uhr Weitere Vorstellungen: 30.03.-02.04.2018, jeweils 16.00 Uhr Ort: Gem\u00e4ldegalerie, Matth\u00e4ikirchplatz, 10785 Berlin Tickets: 12 \u20ac \/ erm\u00e4\u00dfigt 6 \u20ac Reservierung: Tel.: 030 &#8211; 266 42 42 42 (Mo &#8211; Fr, 9 &#8211; 16 Uhr)<\/p>\n","protected":false},"author":1,"featured_media":376,"comment_status":"closed","ping_status":"closed","sticky":false,"template":"","format":"standard","meta":{"footnotes":""},"categories":[8,4],"tags":[],"class_list":["post-368","post","type-post","status-publish","format-standard","has-post-thumbnail","hentry","category-ankuendigungen","category-termine"],"_links":{"self":[{"href":"https:\/\/www.dahms-projekt.de\/wordpress\/wp-json\/wp\/v2\/posts\/368","targetHints":{"allow":["GET"]}}],"collection":[{"href":"https:\/\/www.dahms-projekt.de\/wordpress\/wp-json\/wp\/v2\/posts"}],"about":[{"href":"https:\/\/www.dahms-projekt.de\/wordpress\/wp-json\/wp\/v2\/types\/post"}],"author":[{"embeddable":true,"href":"https:\/\/www.dahms-projekt.de\/wordpress\/wp-json\/wp\/v2\/users\/1"}],"replies":[{"embeddable":true,"href":"https:\/\/www.dahms-projekt.de\/wordpress\/wp-json\/wp\/v2\/comments?post=368"}],"version-history":[{"count":9,"href":"https:\/\/www.dahms-projekt.de\/wordpress\/wp-json\/wp\/v2\/posts\/368\/revisions"}],"predecessor-version":[{"id":397,"href":"https:\/\/www.dahms-projekt.de\/wordpress\/wp-json\/wp\/v2\/posts\/368\/revisions\/397"}],"wp:featuredmedia":[{"embeddable":true,"href":"https:\/\/www.dahms-projekt.de\/wordpress\/wp-json\/wp\/v2\/media\/376"}],"wp:attachment":[{"href":"https:\/\/www.dahms-projekt.de\/wordpress\/wp-json\/wp\/v2\/media?parent=368"}],"wp:term":[{"taxonomy":"category","embeddable":true,"href":"https:\/\/www.dahms-projekt.de\/wordpress\/wp-json\/wp\/v2\/categories?post=368"},{"taxonomy":"post_tag","embeddable":true,"href":"https:\/\/www.dahms-projekt.de\/wordpress\/wp-json\/wp\/v2\/tags?post=368"}],"curies":[{"name":"wp","href":"https:\/\/api.w.org\/{rel}","templated":true}]}}