{"id":3062,"date":"2026-03-15T18:55:42","date_gmt":"2026-03-15T17:55:42","guid":{"rendered":"https:\/\/www.dahms-projekt.de\/wordpress\/?p=3062"},"modified":"2026-03-15T19:22:58","modified_gmt":"2026-03-15T18:22:58","slug":"die-saison-2026-27-an-der-staatsoper-unter-den-linden-berlin","status":"publish","type":"post","link":"https:\/\/www.dahms-projekt.de\/wordpress\/2026\/03\/15\/die-saison-2026-27-an-der-staatsoper-unter-den-linden-berlin\/","title":{"rendered":"Die Saison 2026\/27 an der Staatsoper Unter den Linden Berlin"},"content":{"rendered":"<p>Pressekonferenz zur Saison 2026\/27 an der Staatsoper Unter den Linden<\/p>\n<p>Bei der heutigen Pressekonferenz in der Staatsoper Unter den Linden stellten das Leitungsteam der Staatsoper, die Intendantin Elisabeth Sobotka und der Generalmusikdirektor Christian Thielemann ihr n\u00e4chstes Programm f\u00fcr die kommende Spielzeit 2026\/2027 der Berliner Staatsoper Unter den Linden vor.<br \/>\nUnd das am &#8222;Am Freitag den 13ten&#8220;, ist das nun ein gutes oder ein schlechtes Omen? Bei der Qualit\u00e4t der Inszenierungen, die ich und die Freunde der Staatsoper bisher zu sehen bekamen, war das wohl ein Gutes, lassen wir uns \u00fcberraschen.<\/p>\n<p>Einf\u00fchrend erl\u00e4uterten Sie f\u00fcr die anwesenden Pressevertreter ihre Pl\u00e4ne und ihre Vorstellungen f\u00fcr die n\u00e4chste Saison und berichteten in einem lockeren Gespr\u00e4ch \u00fcber weitere Pl\u00e4ne f\u00fcr die folgenden Jahre und vermittelten damit ausf\u00fchrlich ihre weiteren Vorhaben f\u00fcr die kommenden Spielzeiten und die Programmgestaltung f\u00fcr das Opernhaus.<br \/>\nInteressant, die Ansichten und Einsichten von Christian Thielemann \u00fcber die Interpretation und die Ausf\u00fchrungen, die Darstellung und die Effekte von Opernmusik in seiner Interpretation und Darstellung sowie seiner Fachkollegen der anderen repr\u00e4sentativen Opern und Spielst\u00e4tten.<\/p>\n<p><a href=\"https:\/\/www.dahms-projekt.de\/wordpress\/2026\/03\/15\/die-saison-2026-27-an-der-staatsoper-unter-den-linden-berlin\/dh_sobotka_thielemann-13-03-2026_b\/\" rel=\"attachment wp-att-3064\"><img loading=\"lazy\" decoding=\"async\" class=\"aligncenter size-full wp-image-3064\" src=\"https:\/\/www.dahms-projekt.de\/wordpress\/wp-content\/uploads\/2026\/03\/dh_Sobotka_Thielemann-13.03.2026_b.jpg\" alt=\"\" width=\"420\" height=\"315\" srcset=\"https:\/\/www.dahms-projekt.de\/wordpress\/wp-content\/uploads\/2026\/03\/dh_Sobotka_Thielemann-13.03.2026_b.jpg 420w, https:\/\/www.dahms-projekt.de\/wordpress\/wp-content\/uploads\/2026\/03\/dh_Sobotka_Thielemann-13.03.2026_b-300x225.jpg 300w, https:\/\/www.dahms-projekt.de\/wordpress\/wp-content\/uploads\/2026\/03\/dh_Sobotka_Thielemann-13.03.2026_b-150x113.jpg 150w, https:\/\/www.dahms-projekt.de\/wordpress\/wp-content\/uploads\/2026\/03\/dh_Sobotka_Thielemann-13.03.2026_b-136x102.jpg 136w\" sizes=\"auto, (max-width: 420px) 100vw, 420px\" \/><\/a><\/p>\n<p>Ausf\u00fchrlich, ab sofort wie immer das ausf\u00fchrliche Programm auf der Homepage der Staatsoper https:\/\/www.staatsoper-berlin.de<\/p>\n<p>Meine Besuchsberichte sehen und lesen Sie dann wieder auf dieser Seite.<\/p>\n<p>Dann bis dahin \u2026<\/p>\n<p>Peter Dahms [www.OpernInfo-Berlin.de \u2013 www.Dahms-Projekt.de\/Wordpress]<\/p>\n<p>&nbsp;<\/p>\n","protected":false},"excerpt":{"rendered":"<p>Pressekonferenz zur Saison 2026\/27 an der Staatsoper Unter den Linden Bei der heutigen Pressekonferenz in der Staatsoper Unter den Linden stellten das Leitungsteam der Staatsoper, die Intendantin Elisabeth Sobotka und der Generalmusikdirektor Christian Thielemann ihr n\u00e4chstes Programm f\u00fcr die kommende Spielzeit 2026\/2027 der Berliner Staatsoper Unter den Linden vor. Und das am &#8222;Am Freitag den [&hellip;]<\/p>\n","protected":false},"author":1,"featured_media":3065,"comment_status":"closed","ping_status":"closed","sticky":false,"template":"","format":"standard","meta":{"footnotes":""},"categories":[8,5,2],"tags":[],"class_list":["post-3062","post","type-post","status-publish","format-standard","has-post-thumbnail","hentry","category-ankuendigungen","category-opernbesuche","category-meinungen"],"_links":{"self":[{"href":"https:\/\/www.dahms-projekt.de\/wordpress\/wp-json\/wp\/v2\/posts\/3062","targetHints":{"allow":["GET"]}}],"collection":[{"href":"https:\/\/www.dahms-projekt.de\/wordpress\/wp-json\/wp\/v2\/posts"}],"about":[{"href":"https:\/\/www.dahms-projekt.de\/wordpress\/wp-json\/wp\/v2\/types\/post"}],"author":[{"embeddable":true,"href":"https:\/\/www.dahms-projekt.de\/wordpress\/wp-json\/wp\/v2\/users\/1"}],"replies":[{"embeddable":true,"href":"https:\/\/www.dahms-projekt.de\/wordpress\/wp-json\/wp\/v2\/comments?post=3062"}],"version-history":[{"count":3,"href":"https:\/\/www.dahms-projekt.de\/wordpress\/wp-json\/wp\/v2\/posts\/3062\/revisions"}],"predecessor-version":[{"id":3068,"href":"https:\/\/www.dahms-projekt.de\/wordpress\/wp-json\/wp\/v2\/posts\/3062\/revisions\/3068"}],"wp:featuredmedia":[{"embeddable":true,"href":"https:\/\/www.dahms-projekt.de\/wordpress\/wp-json\/wp\/v2\/media\/3065"}],"wp:attachment":[{"href":"https:\/\/www.dahms-projekt.de\/wordpress\/wp-json\/wp\/v2\/media?parent=3062"}],"wp:term":[{"taxonomy":"category","embeddable":true,"href":"https:\/\/www.dahms-projekt.de\/wordpress\/wp-json\/wp\/v2\/categories?post=3062"},{"taxonomy":"post_tag","embeddable":true,"href":"https:\/\/www.dahms-projekt.de\/wordpress\/wp-json\/wp\/v2\/tags?post=3062"}],"curies":[{"name":"wp","href":"https:\/\/api.w.org\/{rel}","templated":true}]}}