{"id":3011,"date":"2025-07-31T18:26:56","date_gmt":"2025-07-31T16:26:56","guid":{"rendered":"https:\/\/www.dahms-projekt.de\/wordpress\/?p=3011"},"modified":"2025-07-31T18:40:43","modified_gmt":"2025-07-31T16:40:43","slug":"kritisches-denken","status":"publish","type":"post","link":"https:\/\/www.dahms-projekt.de\/wordpress\/2025\/07\/31\/kritisches-denken\/","title":{"rendered":"Kritisches Denken"},"content":{"rendered":"<p class=\"western\" align=\"left\"><span style=\"font-family: Times New Roman, serif;\"><span style=\"font-family: Arial, sans-serif;\"><span style=\"font-size: small;\">Andreas Blessing, Philipp Barth<\/span><\/span><\/span><\/p>\n<p class=\"western\" align=\"left\"><span style=\"font-family: Times New Roman, serif;\"><span style=\"font-family: Arial, sans-serif;\"><span style=\"font-size: large;\"><b>Kritisches Denken <\/b><\/span><\/span><span style=\"font-family: Arial, sans-serif;\"><span style=\"font-size: medium;\"><b>einfach <\/b><\/span><\/span><span style=\"font-family: Arial, sans-serif;\"><span style=\"font-size: large;\"><b>erkl\u00e4rt.<\/b><\/span><\/span><\/span><\/p>\n<p class=\"western\"><span style=\"font-size: small;\"><b>Erschienen<\/b><\/span><span style=\"font-size: small;\"> im<\/span><span style=\"font-size: small;\"><b> transcript-verlag<\/b><\/span><span style=\"font-size: small;\">, <\/span><span style=\"font-size: small;\"><b>Bielefeld<\/b><\/span><span style=\"font-size: small;\"> in der Reihe:<\/span><span style=\"font-size: small;\"><b>Edition transcript <\/b><\/span><\/p>\n<p class=\"western\"><strong><span style=\"font-size: small;\">Band 15 <\/span> <\/strong><span style=\"font-size: small;\"><b>am 16.Juni 2025,<\/b><\/span><span style=\"font-size: small;\"> 120 Seiten <\/span><span style=\"font-size: small;\"><b>ISBN<\/b><\/span><span style=\"font-size: small;\">: <\/span><span style=\"font-size: small;\"><b>978-3-8376-7435-4 <\/b><\/span><\/p>\n<p class=\"western\">\u2026 <span style=\"font-size: small;\"><b>aus der Verlagsank\u00fcndigung und der Einf\u00fchrung: <\/b><\/span><\/p>\n<p class=\"western\">\u201e Warum ziehen uns bestimmte Podcasts, Zeitungen oder Social-Media-Kan\u00e4le geradezu magisch an? Oft, weil sie unsere Meinung zu einem bestimmten Thema best\u00e4tigen \u2013 und genau darin liegt die Gefahr. Unser Gehirn verlangt nach Bequemlichkeit und einfachen Antworten, kann uns aber auch systematisch in die Irre f\u00fchren. Andreas Blessing und Philip Barth gehen diesen Denkfehlern auf den Grund und zeigen, warum unser Verstand manchmal gegen uns arbeitet. Dazu entlarven sie logische Fehlschl\u00fcsse und geben Tipps und Tricks, wie man den eigenen Geist sch\u00e4rfen kann. Der alltagsnahe Leitfaden bietet eine Anleitung zum kritischen Denken f\u00fcr alle, die sich von ihrem eigenen Verstand keinen Streich spielen lassen wollen. \u201c<b> transcript-verlag<\/b><\/p>\n<p class=\"western\">\u201e<span style=\"font-family: Arial, sans-serif;\"><span style=\"font-size: medium;\">Eine allgemeing\u00fcltige Definition, was kritisches Denken kennzeichnet, gibt es nicht, denn niemand hat einen Alleinanspruch auf eine solche Definition. W\u00fcrden Sie sich auf die Suche nach einer Definition begeben (Google bietet da den einen oder anderen Treffer an), w\u00fcrden Sie von verschiedenen Autoren unterschiedliche Definitionen und Erl\u00e4uterungen finden.\u201c (11) <\/span><\/span><span style=\"font-family: Arial, sans-serif;\"><span style=\"font-size: medium;\"><b>transcript-verlag<\/b><\/span><\/span><\/p>\n<p class=\"western\">\u201e<span style=\"font-family: Arial, sans-serif;\"><span style=\"font-size: medium;\">Am Ende dieses Buches werden Sie eine Idee davon haben, was wir unter <\/span><\/span><span style=\"font-family: Arial, sans-serif;\"><span style=\"font-size: medium;\"><i>kritischem Denken <\/i><\/span><\/span><span style=\"font-family: Arial, sans-serif;\"><span style=\"font-size: medium;\">verstehen. Dabei verzichten wir auf eine ausf\u00fchrliche Untersuchung der historischen Wurzeln des Begriffs oder langatmige Diskussionen \u00fcber eine genaue <\/span><\/span><span style=\"font-family: Arial, sans-serif;\"><span style=\"font-size: medium;\">Bedeutung, vielmehr m\u00f6chten wir den Begriff mit Leben f\u00fcllen und Ihnen helfen, Ihren Verstand noch besser zu nutzen.\u201c (11) <\/span><\/span><span style=\"font-family: Arial, sans-serif;\"><span style=\"font-size: medium;\"><b>transcript-verlag <\/b><\/span><\/span><\/p>\n<p class=\"western\"><strong>Rezension:<\/strong><\/p>\n<p class=\"western\">Die Autoren dieses Buches erkl\u00e4ren einf\u00fchrend den Begriff \u201ekritisch\u201c als grundlegend f\u00fcr ihre Untersuchung und weisen aber gleichzeitig darauf hin, dass es keines akademischen Grades bedarf, um kritisch zu denken. Sondern im Gegenteil, sei es eine grundlegend menschliche Eigenschaft, sich \u00fcber die Arbeit oder die Vorstellungen ihrer Mitmenschen, Freunde oder Kollegen eine Meinung zu bilden und diese auch zum Ausdruck zu bringen. Erg\u00e4nzend und bei Bedarf oder auf Nachfrage kann diese Vorstellung auch einem breiteren Kreis, eventuell in einer Ver\u00f6ffentlichung zur Kenntnis gebracht werden. Das nennt sich dann eine Kritik schreiben.<\/p>\n<p class=\"western\">Im Folgenden werden die verschiedenen Arten einer Kritik und deren Begr\u00fcndung und Ausf\u00fchrlichkeit an Beispielen beschrieben und bewertet.<\/p>\n<p class=\"western\">Weiterhin werden in den folgenden Kapiteln des Buches die unterschiedlichen Vorrausetzungen und ebenso die Formen und die Gr\u00fcnde von positiver, neutraler und negativer Bewertung benannt und bewertet. Ebenso werden die Ursachen f\u00fcr eine bestimmte Art und Weise einer Zustimmung oder Ablehnung benannt und bewertet, Das Buch erscheint in seinem Inhalt und der Art der Darstellung als ein Handbuch zur Bewertung von Denkmustern und deren Wert in der Anwendung auf die pers\u00f6nliche Sicht und auf die Meinung ihrer Mitmenschen in welcher Profession oder in welchem gesellschaftlichen Umfeld dann diese auch zum Ausdruck gebracht wird, als \u00f6ffentliche und ver\u00f6ffentlichte Meinung und Bewertung oder als pers\u00f6nliche Meinung.<\/p>\n<p class=\"western\">Das Buch bietet zu diesen Themen eine breite Auswahl an, die Begriffe wie Nachdenken und Propagieren \u00fcber ein weites Feld von Ansichten und Meinungen beschreibt.<\/p>\n<p class=\"western\"><span style=\"font-family: Arial, sans-serif;\"><span style=\"font-size: small;\"><b>Dr. Peter Dahms <\/b><\/span><\/span><span style=\"font-family: Arial, sans-serif;\"><span style=\"font-size: small;\">[www.Dahms-Projekt.de\/wordpress] <\/span><\/span><\/p>\n<pre class=\"western\"><\/pre>\n","protected":false},"excerpt":{"rendered":"<p>Andreas Blessing, Philipp Barth Kritisches Denken einfach erkl\u00e4rt. Erschienen im transcript-verlag, Bielefeld in der Reihe:Edition transcript Band 15 am 16.Juni 2025, 120 Seiten ISBN: 978-3-8376-7435-4 \u2026 aus der Verlagsank\u00fcndigung und der Einf\u00fchrung: \u201e Warum ziehen uns bestimmte Podcasts, Zeitungen oder Social-Media-Kan\u00e4le geradezu magisch an? Oft, weil sie unsere Meinung zu einem bestimmten Thema best\u00e4tigen \u2013 [&hellip;]<\/p>\n","protected":false},"author":1,"featured_media":3000,"comment_status":"closed","ping_status":"closed","sticky":false,"template":"","format":"standard","meta":{"footnotes":""},"categories":[1,2,3],"tags":[],"class_list":["post-3011","post","type-post","status-publish","format-standard","has-post-thumbnail","hentry","category-allgemein","category-meinungen","category-rezliteratur"],"_links":{"self":[{"href":"https:\/\/www.dahms-projekt.de\/wordpress\/wp-json\/wp\/v2\/posts\/3011","targetHints":{"allow":["GET"]}}],"collection":[{"href":"https:\/\/www.dahms-projekt.de\/wordpress\/wp-json\/wp\/v2\/posts"}],"about":[{"href":"https:\/\/www.dahms-projekt.de\/wordpress\/wp-json\/wp\/v2\/types\/post"}],"author":[{"embeddable":true,"href":"https:\/\/www.dahms-projekt.de\/wordpress\/wp-json\/wp\/v2\/users\/1"}],"replies":[{"embeddable":true,"href":"https:\/\/www.dahms-projekt.de\/wordpress\/wp-json\/wp\/v2\/comments?post=3011"}],"version-history":[{"count":5,"href":"https:\/\/www.dahms-projekt.de\/wordpress\/wp-json\/wp\/v2\/posts\/3011\/revisions"}],"predecessor-version":[{"id":3016,"href":"https:\/\/www.dahms-projekt.de\/wordpress\/wp-json\/wp\/v2\/posts\/3011\/revisions\/3016"}],"wp:featuredmedia":[{"embeddable":true,"href":"https:\/\/www.dahms-projekt.de\/wordpress\/wp-json\/wp\/v2\/media\/3000"}],"wp:attachment":[{"href":"https:\/\/www.dahms-projekt.de\/wordpress\/wp-json\/wp\/v2\/media?parent=3011"}],"wp:term":[{"taxonomy":"category","embeddable":true,"href":"https:\/\/www.dahms-projekt.de\/wordpress\/wp-json\/wp\/v2\/categories?post=3011"},{"taxonomy":"post_tag","embeddable":true,"href":"https:\/\/www.dahms-projekt.de\/wordpress\/wp-json\/wp\/v2\/tags?post=3011"}],"curies":[{"name":"wp","href":"https:\/\/api.w.org\/{rel}","templated":true}]}}