{"id":2889,"date":"2025-03-13T13:01:23","date_gmt":"2025-03-13T12:01:23","guid":{"rendered":"https:\/\/www.dahms-projekt.de\/wordpress\/?p=2889"},"modified":"2025-03-13T13:25:56","modified_gmt":"2025-03-13T12:25:56","slug":"jahrespressekonferenz-des-staatsballetts-berlin-2","status":"publish","type":"post","link":"https:\/\/www.dahms-projekt.de\/wordpress\/2025\/03\/13\/jahrespressekonferenz-des-staatsballetts-berlin-2\/","title":{"rendered":"Jahrespressekonferenz des Staatsballetts Berlin"},"content":{"rendered":"<p><strong>Pressekonferenz des Staatsballetts Berlin zur Saison 2025\/26<\/strong><\/p>\n<p>Bei der heutigen Pressekonferenz in der <strong>Deutschen Oper Berlin<\/strong> stellten der <strong>Intendant des Staatsballetts Christian Spuck<\/strong> und sein Team das Programm f\u00fcr die kommende <strong>Spielzeit 2025\/2026<\/strong> des <strong>Staatsballett Berlin<\/strong> vor. Anwesenheit war auch der <strong>Regisseurs Kirill Serebrennikow<\/strong>, um \u00fcber die <strong>Premiere Nurejew<\/strong> zu informieren.<\/p>\n<p style=\"text-align: center;\"><a href=\"https:\/\/www.dahms-projekt.de\/wordpress\/2025\/03\/13\/jahrespressekonferenz-des-staatsballetts-berlin-2\/chr_spuck_b_420\/\" rel=\"attachment wp-att-2892\"><img loading=\"lazy\" decoding=\"async\" class=\"aligncenter size-full wp-image-2892\" src=\"https:\/\/www.dahms-projekt.de\/wordpress\/wp-content\/uploads\/2025\/03\/Chr_Spuck_b_420.jpg\" alt=\"\" width=\"420\" height=\"315\" srcset=\"https:\/\/www.dahms-projekt.de\/wordpress\/wp-content\/uploads\/2025\/03\/Chr_Spuck_b_420.jpg 420w, https:\/\/www.dahms-projekt.de\/wordpress\/wp-content\/uploads\/2025\/03\/Chr_Spuck_b_420-300x225.jpg 300w, https:\/\/www.dahms-projekt.de\/wordpress\/wp-content\/uploads\/2025\/03\/Chr_Spuck_b_420-150x113.jpg 150w, https:\/\/www.dahms-projekt.de\/wordpress\/wp-content\/uploads\/2025\/03\/Chr_Spuck_b_420-136x102.jpg 136w\" sizes=\"auto, (max-width: 420px) 100vw, 420px\" \/><\/a> \u00a0\u00a0\u00a0\u00a0\u00a0\u00a0\u00a0\u00a0\u00a0\u00a0\u00a0\u00a0\u00a0\u00a0 <strong>Intendant des Staatsballetts Christian Spuck<\/strong><\/p>\n<p>Einf\u00fchrend erl\u00e4uterten Sie f\u00fcr die anwesenden Pressevertreter ihre Pl\u00e4ne und ihre Vorstellungen f\u00fcr die n\u00e4chste, ihre Saison und berichteten dar\u00fcber hinaus in einem lockeren Gespr\u00e4ch \u00fcber ihre Erinnerungen an die vergangenen Jahre und vermittelten dabei ausf\u00fchrlich ihre weiteren Pl\u00e4ne f\u00fcr die Zukunft und die Programmgestaltung f\u00fcr das Opernhaus.<\/p>\n<p style=\"text-align: center;\"><a href=\"https:\/\/www.dahms-projekt.de\/wordpress\/2025\/03\/13\/jahrespressekonferenz-des-staatsballetts-berlin-2\/serebr_b420\/\" rel=\"attachment wp-att-2893\"><img loading=\"lazy\" decoding=\"async\" class=\"aligncenter size-full wp-image-2893\" src=\"https:\/\/www.dahms-projekt.de\/wordpress\/wp-content\/uploads\/2025\/03\/Serebr_b420.jpg\" alt=\"\" width=\"420\" height=\"315\" srcset=\"https:\/\/www.dahms-projekt.de\/wordpress\/wp-content\/uploads\/2025\/03\/Serebr_b420.jpg 420w, https:\/\/www.dahms-projekt.de\/wordpress\/wp-content\/uploads\/2025\/03\/Serebr_b420-300x225.jpg 300w, https:\/\/www.dahms-projekt.de\/wordpress\/wp-content\/uploads\/2025\/03\/Serebr_b420-150x113.jpg 150w, https:\/\/www.dahms-projekt.de\/wordpress\/wp-content\/uploads\/2025\/03\/Serebr_b420-136x102.jpg 136w\" sizes=\"auto, (max-width: 420px) 100vw, 420px\" \/><\/a> \u00a0 \u00a0 \u00a0 \u00a0 \u00a0 \u00a0 \u00a0 \u00a0 <strong>Regisseur (Nurejew) Kirill Serebrennikow<\/strong><\/p>\n<p>Ausf\u00fchrlich, ab sofort wie immer das ausf\u00fchrliche<strong> Programm<\/strong> auf der Homepage des Staatsballetts Berlin. &#8211; <strong>https:\/\/www.staatsballett-berlin.de<\/strong><\/p>\n<p><strong>Meine Besuchsberichte<\/strong> sehen und lesen Sie dann wieder <strong>auf dieser Seite<\/strong>. Dann bis dahin \u2026<\/p>\n<p><strong>Peter Dahms<\/strong> [www.TanzInfo-Berlin.de \u2013\u00a0 www.Dahms-Projekt.de\/wordpress]<\/p>\n","protected":false},"excerpt":{"rendered":"<p>Pressekonferenz des Staatsballetts Berlin zur Saison 2025\/26 Bei der heutigen Pressekonferenz in der Deutschen Oper Berlin stellten der Intendant des Staatsballetts Christian Spuck und sein Team das Programm f\u00fcr die kommende Spielzeit 2025\/2026 des Staatsballett Berlin vor. Anwesenheit war auch der Regisseurs Kirill Serebrennikow, um \u00fcber die Premiere Nurejew zu informieren. \u00a0\u00a0\u00a0\u00a0\u00a0\u00a0\u00a0\u00a0\u00a0\u00a0\u00a0\u00a0\u00a0\u00a0 Intendant des Staatsballetts [&hellip;]<\/p>\n","protected":false},"author":1,"featured_media":2891,"comment_status":"closed","ping_status":"closed","sticky":false,"template":"","format":"standard","meta":{"footnotes":""},"categories":[1,8,6,2,4],"tags":[],"class_list":["post-2889","post","type-post","status-publish","format-standard","has-post-thumbnail","hentry","category-allgemein","category-ankuendigungen","category-besuchetanz","category-meinungen","category-termine"],"_links":{"self":[{"href":"https:\/\/www.dahms-projekt.de\/wordpress\/wp-json\/wp\/v2\/posts\/2889","targetHints":{"allow":["GET"]}}],"collection":[{"href":"https:\/\/www.dahms-projekt.de\/wordpress\/wp-json\/wp\/v2\/posts"}],"about":[{"href":"https:\/\/www.dahms-projekt.de\/wordpress\/wp-json\/wp\/v2\/types\/post"}],"author":[{"embeddable":true,"href":"https:\/\/www.dahms-projekt.de\/wordpress\/wp-json\/wp\/v2\/users\/1"}],"replies":[{"embeddable":true,"href":"https:\/\/www.dahms-projekt.de\/wordpress\/wp-json\/wp\/v2\/comments?post=2889"}],"version-history":[{"count":7,"href":"https:\/\/www.dahms-projekt.de\/wordpress\/wp-json\/wp\/v2\/posts\/2889\/revisions"}],"predecessor-version":[{"id":2900,"href":"https:\/\/www.dahms-projekt.de\/wordpress\/wp-json\/wp\/v2\/posts\/2889\/revisions\/2900"}],"wp:featuredmedia":[{"embeddable":true,"href":"https:\/\/www.dahms-projekt.de\/wordpress\/wp-json\/wp\/v2\/media\/2891"}],"wp:attachment":[{"href":"https:\/\/www.dahms-projekt.de\/wordpress\/wp-json\/wp\/v2\/media?parent=2889"}],"wp:term":[{"taxonomy":"category","embeddable":true,"href":"https:\/\/www.dahms-projekt.de\/wordpress\/wp-json\/wp\/v2\/categories?post=2889"},{"taxonomy":"post_tag","embeddable":true,"href":"https:\/\/www.dahms-projekt.de\/wordpress\/wp-json\/wp\/v2\/tags?post=2889"}],"curies":[{"name":"wp","href":"https:\/\/api.w.org\/{rel}","templated":true}]}}