{"id":2783,"date":"2024-05-13T16:42:31","date_gmt":"2024-05-13T14:42:31","guid":{"rendered":"https:\/\/www.dahms-projekt.de\/wordpress\/?p=2783"},"modified":"2024-05-13T17:08:38","modified_gmt":"2024-05-13T15:08:38","slug":"die-saison-2024-25-an-der-staatsoper-unter-den-linden-berlin","status":"publish","type":"post","link":"https:\/\/www.dahms-projekt.de\/wordpress\/2024\/05\/13\/die-saison-2024-25-an-der-staatsoper-unter-den-linden-berlin\/","title":{"rendered":"Die Saison 2024\/25 an der Staatsoper Unter den Linden Berlin"},"content":{"rendered":"<p>Bei der heutigen Pressekonferenz in der <strong>Staatsoper Unter den Linden<\/strong> stellten das neue Leitungsteam, die Intendantin <strong>Elisabeth Sobotka<\/strong> und der Generalmusikdirektor <strong>Christian Thielemann<\/strong> ihr erstes gemeinsames Programm f\u00fcr die kommende Spielzeit 2024\/2025 der Berliner <strong>Staatsoper Unter den Linden<\/strong> vor.<!--more--><\/p>\n<p><a href=\"https:\/\/www.dahms-projekt.de\/wordpress\/2024\/05\/13\/die-saison-2024-25-an-der-staatsoper-unter-den-linden-berlin\/pk_stop_spzt-24-25-620x420\/\" rel=\"attachment wp-att-2791\"><img loading=\"lazy\" decoding=\"async\" class=\"aligncenter size-full wp-image-2791\" src=\"https:\/\/www.dahms-projekt.de\/wordpress\/wp-content\/uploads\/2024\/05\/PK_StOp_SpZt-24-25-620x420-1.jpg\" alt=\"\" width=\"620\" height=\"420\" srcset=\"https:\/\/www.dahms-projekt.de\/wordpress\/wp-content\/uploads\/2024\/05\/PK_StOp_SpZt-24-25-620x420-1.jpg 620w, https:\/\/www.dahms-projekt.de\/wordpress\/wp-content\/uploads\/2024\/05\/PK_StOp_SpZt-24-25-620x420-1-300x203.jpg 300w, https:\/\/www.dahms-projekt.de\/wordpress\/wp-content\/uploads\/2024\/05\/PK_StOp_SpZt-24-25-620x420-1-150x102.jpg 150w, https:\/\/www.dahms-projekt.de\/wordpress\/wp-content\/uploads\/2024\/05\/PK_StOp_SpZt-24-25-620x420-1-305x207.jpg 305w\" sizes=\"auto, (max-width: 620px) 100vw, 620px\" \/><\/a><\/p>\n<p>Einf\u00fchrend erl\u00e4uterten Sie f\u00fcr die anwesenden Pressevertreter ihre Pl\u00e4ne und ihre Vorstellungen f\u00fcr die n\u00e4chste, ihre Saison und berichteten dar\u00fcber hinaus in einem lockeren Gespr\u00e4ch \u00fcber ihre Erinnerungen an die vergangenen Jahre und vermittelten dabei ausf\u00fchrlich ihre weiteren Pl\u00e4ne f\u00fcr die Zukunft und die Programmgestaltung f\u00fcr das Opernhaus.<\/p>\n<p>Ausf\u00fchrlich, ab sofort wie immer finden Sie das ausf\u00fchrliche Programm auf der Homepage der Staatsoper <a href=\"https:\/\/www.staatsoper-berlin.de\">https:\/\/www.staatsoper-berlin.de<\/a><\/p>\n<p>Meine <strong>Besuchsberichte<\/strong> sehen und lesen Sie dann wieder <strong>hier<\/strong> auf dieser Seite.<\/p>\n<p><strong>Dann bis dahin &#8230;.<\/strong><\/p>\n<p><strong>Peter Dahms<\/strong> [www.OpernInfo-Berlin.de u. www.Dahms-Projekt.de\/Wordpress]<\/p>\n","protected":false},"excerpt":{"rendered":"<p>Bei der heutigen Pressekonferenz in der Staatsoper Unter den Linden stellten das neue Leitungsteam, die Intendantin Elisabeth Sobotka und der Generalmusikdirektor Christian Thielemann ihr erstes gemeinsames Programm f\u00fcr die kommende Spielzeit 2024\/2025 der Berliner Staatsoper Unter den Linden vor.<\/p>\n","protected":false},"author":1,"featured_media":2785,"comment_status":"closed","ping_status":"closed","sticky":false,"template":"","format":"standard","meta":{"footnotes":""},"categories":[8,5,4],"tags":[],"class_list":["post-2783","post","type-post","status-publish","format-standard","has-post-thumbnail","hentry","category-ankuendigungen","category-opernbesuche","category-termine"],"_links":{"self":[{"href":"https:\/\/www.dahms-projekt.de\/wordpress\/wp-json\/wp\/v2\/posts\/2783","targetHints":{"allow":["GET"]}}],"collection":[{"href":"https:\/\/www.dahms-projekt.de\/wordpress\/wp-json\/wp\/v2\/posts"}],"about":[{"href":"https:\/\/www.dahms-projekt.de\/wordpress\/wp-json\/wp\/v2\/types\/post"}],"author":[{"embeddable":true,"href":"https:\/\/www.dahms-projekt.de\/wordpress\/wp-json\/wp\/v2\/users\/1"}],"replies":[{"embeddable":true,"href":"https:\/\/www.dahms-projekt.de\/wordpress\/wp-json\/wp\/v2\/comments?post=2783"}],"version-history":[{"count":8,"href":"https:\/\/www.dahms-projekt.de\/wordpress\/wp-json\/wp\/v2\/posts\/2783\/revisions"}],"predecessor-version":[{"id":2796,"href":"https:\/\/www.dahms-projekt.de\/wordpress\/wp-json\/wp\/v2\/posts\/2783\/revisions\/2796"}],"wp:featuredmedia":[{"embeddable":true,"href":"https:\/\/www.dahms-projekt.de\/wordpress\/wp-json\/wp\/v2\/media\/2785"}],"wp:attachment":[{"href":"https:\/\/www.dahms-projekt.de\/wordpress\/wp-json\/wp\/v2\/media?parent=2783"}],"wp:term":[{"taxonomy":"category","embeddable":true,"href":"https:\/\/www.dahms-projekt.de\/wordpress\/wp-json\/wp\/v2\/categories?post=2783"},{"taxonomy":"post_tag","embeddable":true,"href":"https:\/\/www.dahms-projekt.de\/wordpress\/wp-json\/wp\/v2\/tags?post=2783"}],"curies":[{"name":"wp","href":"https:\/\/api.w.org\/{rel}","templated":true}]}}