{"id":2768,"date":"2024-04-29T20:37:05","date_gmt":"2024-04-29T18:37:05","guid":{"rendered":"https:\/\/www.dahms-projekt.de\/wordpress\/?p=2768"},"modified":"2024-04-29T21:03:01","modified_gmt":"2024-04-29T19:03:01","slug":"premiere-overture-vom-staatsballett-berlin","status":"publish","type":"post","link":"https:\/\/www.dahms-projekt.de\/wordpress\/2024\/04\/29\/premiere-overture-vom-staatsballett-berlin\/","title":{"rendered":"Premiere &#8222;Overture&#8220; vom Staatsballett Berlin"},"content":{"rendered":"<p><strong>Besuch der Premiere vom Staatsballett Berlin in der Staatsoper Unter den Linden am 28. April 2024 <\/strong><\/p>\n<p><!--more--><strong><span style=\"font-family: Times New Roman, serif;\"><span style=\"font-family: Arial, serif;\"><span style=\"font-size: small;\">Overture \/ Angels&#8216; Atlas <\/span><\/span><\/span><\/strong><span style=\"font-family: Times New Roman, serif;\"><span style=\"font-family: Arial, serif;\"><span style=\"font-size: small;\">Choreographien von <\/span><\/span><em><span style=\"font-family: Arial, serif;\"><span style=\"font-size: small;\">Marcos Morau<\/span><\/span><\/em><span style=\"font-family: Arial, serif;\"><span style=\"font-size: small;\"> und <\/span><\/span><em><span style=\"font-family: Arial, serif;\"><span style=\"font-size: small;\">Crystal Pite\u00a0<\/span><\/span><\/em><\/span><\/p>\n<p class=\"western\"><strong><span style=\"font-family: Times New Roman, serif;\"><span style=\"font-family: Arial, serif;\"><span style=\"font-size: small;\">Overture <\/span><\/span><\/span><\/strong><span style=\"font-family: Times New Roman, serif;\"><span style=\"font-family: Arial, serif;\"><span style=\"font-size: small;\"><strong>Choreographie und Inszenierung<\/strong>\u00a0 <\/span><\/span><em><span style=\"font-family: Arial, serif;\"><span style=\"font-size: small;\">Marcos Morau<\/span><\/span><\/em><span style=\"font-family: Arial, serif;\"><span style=\"font-size: small;\"><strong> Musik<\/strong>\u00a0 Gustav Mahler<br \/>\n<\/span><\/span><span style=\"font-family: Arial, serif;\"><span style=\"font-size: small;\"><b>Angels&#8216; Atlas <\/b><\/span><\/span><\/span><span style=\"font-family: Times New Roman, serif;\"><span style=\"font-family: Arial, serif;\"><span style=\"font-size: small;\"><strong>Choreographie<\/strong>\u00a0 <\/span><\/span><em><span style=\"font-family: Arial, serif;\"><span style=\"font-size: small;\">Crystal Pite &#8211; <\/span><\/span><\/em><\/span><span style=\"font-family: Times New Roman, serif;\"><span style=\"font-family: Arial, serif;\"><span style=\"font-size: small;\"><strong>Musik<\/strong>\u00a0 Oven Belton<\/span><\/span><\/span><\/p>\n<p class=\"western\">\u201e<span style=\"font-family: Times New Roman, serif;\"><span style=\"font-family: Arial, serif;\"><span style=\"font-size: small;\">Der spanische Choreograph Marcos Morau ist mit seinen bildgewaltigen Inszenierungen zu einem Shooting Star der aktuellen Tanzszene avanciert. Er studierte Theatertheorie und Choreographie in seiner Heimatstadt Valencia, in Barcelona und New York, ohne selbst je T\u00e4nzer gewesen zu sein, und gr\u00fcndete 2005 seine eigene Kompanie La Veronal in Barcelona. Mit der experimentellen Tanz- und K\u00fcnstlergruppe, deren Mitglieder aus verschiedenen Kunstsparten stammen, ist er ein regelm\u00e4\u00dfiger Gast beim Festival Tanz im August in Berlin. Seine gro\u00df angelegten B\u00fchnenwerke wurden unter anderem in den Opernh\u00e4usern und Theatern von Lyon, Z\u00fcrich, Kopenhagen und Basel gezeigt und begeisterten Publikum wie Presse gleicherma\u00dfen. Ab der Spielzeit 2023\/2024 ist er \u00abArtist in Residence\u00bb am Staatsballett Berlin und wird hier erstmals mit dem Staatsballett-Ensemble und der Staatskapelle Berlin eine neue Kreation erarbeiten.\u201c <b> [Staatsballett Berlin]<\/b><br \/>\n<\/span><\/span><\/span><\/p>\n<p style=\"text-align: center;\"><a href=\"https:\/\/www.dahms-projekt.de\/wordpress\/2024\/04\/29\/premiere-overture-vom-staatsballett-berlin\/25_04_angels__atlas_stage_420x240-2\/\" rel=\"attachment wp-att-2771\"><img loading=\"lazy\" decoding=\"async\" class=\"aligncenter size-full wp-image-2771\" src=\"https:\/\/www.dahms-projekt.de\/wordpress\/wp-content\/uploads\/2024\/04\/25_04_Angels__Atlas_stage_420x240-1.jpg\" alt=\"\" width=\"420\" height=\"240\" srcset=\"https:\/\/www.dahms-projekt.de\/wordpress\/wp-content\/uploads\/2024\/04\/25_04_Angels__Atlas_stage_420x240-1.jpg 420w, https:\/\/www.dahms-projekt.de\/wordpress\/wp-content\/uploads\/2024\/04\/25_04_Angels__Atlas_stage_420x240-1-300x171.jpg 300w, https:\/\/www.dahms-projekt.de\/wordpress\/wp-content\/uploads\/2024\/04\/25_04_Angels__Atlas_stage_420x240-1-150x86.jpg 150w\" sizes=\"auto, (max-width: 420px) 100vw, 420px\" \/><\/a> Foto @ Serghei Gherciu<\/p>\n<p class=\"western\">\u201e<span style=\"font-family: Times New Roman, serif;\"><span style=\"font-family: Arial, serif;\"><span style=\"font-size: small;\">Die kanadische T\u00e4nzerin Crystal Pite war Mitglied des Ballet British Columbia und des Ballett Frankfurt unter der Leitung von William Forsythe. Als Choreographin deb\u00fctierte sie 1990 und kreierte seitdem mehr als f\u00fcnfzig St\u00fccke unter anderem f\u00fcr das Ballet de l\u2019Op\u00e9ra de Paris, das Royal Ballet, das Nederlands Dans Theater I, das Cullberg Ballet und das Ballett Frankfurt. F\u00fcr ihre berauschenden und eigenwilligen Arbeiten wurde Crystal Pite mit einer Vielzahl von internationalen Preisen ausgezeichnet. Sie z\u00e4hlt zweifellos zu den herausragenden K\u00fcnstler*innen der j\u00fcngeren Tanzgeschichte.\u201c <b> [Staatsballett Berlin]<\/b><br \/>\n<\/span><\/span><\/span><\/p>\n<p style=\"text-align: center;\"><a href=\"https:\/\/www.dahms-projekt.de\/wordpress\/2024\/04\/29\/premiere-overture-vom-staatsballett-berlin\/26_04_overture_general_420x240\/\" rel=\"attachment wp-att-2772\"><img loading=\"lazy\" decoding=\"async\" class=\"aligncenter size-full wp-image-2772\" src=\"https:\/\/www.dahms-projekt.de\/wordpress\/wp-content\/uploads\/2024\/04\/26_04_Overture_general_420x240.jpg\" alt=\"\" width=\"420\" height=\"260\" srcset=\"https:\/\/www.dahms-projekt.de\/wordpress\/wp-content\/uploads\/2024\/04\/26_04_Overture_general_420x240.jpg 420w, https:\/\/www.dahms-projekt.de\/wordpress\/wp-content\/uploads\/2024\/04\/26_04_Overture_general_420x240-300x186.jpg 300w, https:\/\/www.dahms-projekt.de\/wordpress\/wp-content\/uploads\/2024\/04\/26_04_Overture_general_420x240-150x93.jpg 150w\" sizes=\"auto, (max-width: 420px) 100vw, 420px\" \/><\/a>Foto @ Serghei Gherciu<\/p>\n<p class=\"western\">\u201e<span style=\"font-family: Times New Roman, serif;\"><span style=\"font-family: Arial, serif;\"><span style=\"font-size: small;\">Angels&#8216; Atlas schuf Crystal Pite 2020 f\u00fcr das National Ballet of Canada. Das Ballett entfaltet sich vor einer sich st\u00e4ndig ver\u00e4ndernden Lichtinstallation, einer weiten, unerkennbaren Landschaft aus Licht und Materie. Vor diesem phantastisch anmutenden Hintergrund werden die tanzenden K\u00f6rper zum Zeichen menschlicher Verg\u00e4nglichkeit und Vitalit\u00e4t zugleich. Auf der Grundlage der Auftragsmusik von Owen Belton und Chorst\u00fccken von Peter I. Tschaikowsky und Morten Lauridsen ist Angels\u2018 Atlas ein tiefgr\u00fcndiges Werk, das Crystal Pite in gewohnter Meisterschaft mit den Mitteln des klassischen und modernen Tanzes f\u00fcr ein gro\u00dfes Ensemble inszeniert, ohne sich vor der Herausforderung zu scheuen, komplexe Menschheitsthemen visuell und emotional greifbar zu machen.\u201c<\/span><\/span><span style=\"font-family: Arial, serif;\"><span style=\"font-size: small;\"><b> [Staatsballett Berlin]<\/b><\/span><\/span><\/span><\/p>\n<p style=\"text-align: center;\"><a href=\"https:\/\/www.dahms-projekt.de\/wordpress\/2024\/04\/29\/premiere-overture-vom-staatsballett-berlin\/26_04_overture_general_620x240\/\" rel=\"attachment wp-att-2774\"><img loading=\"lazy\" decoding=\"async\" class=\"aligncenter size-full wp-image-2774\" src=\"https:\/\/www.dahms-projekt.de\/wordpress\/wp-content\/uploads\/2024\/04\/26_04_Overture_general_620x240.jpg\" alt=\"\" width=\"620\" height=\"260\" srcset=\"https:\/\/www.dahms-projekt.de\/wordpress\/wp-content\/uploads\/2024\/04\/26_04_Overture_general_620x240.jpg 620w, https:\/\/www.dahms-projekt.de\/wordpress\/wp-content\/uploads\/2024\/04\/26_04_Overture_general_620x240-300x126.jpg 300w, https:\/\/www.dahms-projekt.de\/wordpress\/wp-content\/uploads\/2024\/04\/26_04_Overture_general_620x240-150x63.jpg 150w\" sizes=\"auto, (max-width: 620px) 100vw, 620px\" \/><\/a>Foto @ Serghei Gherciu<\/p>\n<p class=\"western\"><span style=\"font-family: Times New Roman, serif;\"><span style=\"font-family: Arial, serif;\"><span style=\"font-size: small;\"><b>Besuchsbericht:<\/b><\/span><\/span><\/span><\/p>\n<p class=\"western\"><span style=\"font-family: Times New Roman, serif;\"><span style=\"font-family: Arial, serif;\"><span style=\"font-size: small;\">Der Aufbau und die Zerst\u00f6rung von Gesellschaften ist hier zum Thema gemacht. Was passiert, wenn die junge Generation ihre Zivilisation zerst\u00f6rt, ohne eine neue Form f\u00fcr den Wiederaufbau zu haben? Was ist die Folge eines Zustand, in dem als Gegenst\u00fcck die Gesellschaft nicht durch eine neue ersetzt wird, wenn die alte zugrunde gegangen ist oder sich auf dem Wege dahin befindet? Marcos Morau befasst sich in seiner Choreografie mit diesem Problem. Er zeigt zerst\u00f6rte Landschaften, zerst\u00f6rte Kulturen und setzt dagegen die M\u00f6glichkeit, dass der Neuaufbau gelingt, nur um dann festzustellen, das der Lauf der Gesellschaft einem Kreislauf gleicht, aus dem eine neue Generation ausbrechen muss, mit eigenen Konzepten um dem Kreislauf ein Ende zu setzen. Die eindrucksvolle Choreografie zeigt das Problem, zerst\u00f6rte Landschaften und Kulturen und dann die M\u00f6glichkeiten zur \u00dcberwindung der Probleme und eine Hoffnung f\u00fcr eine zuk\u00fcnftige Welt und Gesellschaft, die diesem Kreislauf aufbrechen kann. <\/span><\/span><\/span><\/p>\n<p class=\"western\"><span style=\"font-family: Times New Roman, serif;\"><span style=\"font-family: Arial, serif;\"><span style=\"font-size: small;\"><b>Peter Dahms<\/b><\/span><\/span><span style=\"font-family: Arial, serif;\"><span style=\"font-size: small;\"> [www.dahms-projekt.de\/wordpress]<\/span><\/span><\/span><\/p>\n<p><strong>Alle Fotos:<\/strong> @ Serghei Gherciu<\/p>\n","protected":false},"excerpt":{"rendered":"<p>Besuch der Premiere vom Staatsballett Berlin in der Staatsoper Unter den Linden am 28. April 2024<\/p>\n","protected":false},"author":1,"featured_media":2769,"comment_status":"closed","ping_status":"closed","sticky":false,"template":"","format":"standard","meta":{"footnotes":""},"categories":[6,2,4],"tags":[],"class_list":["post-2768","post","type-post","status-publish","format-standard","has-post-thumbnail","hentry","category-besuchetanz","category-meinungen","category-termine"],"_links":{"self":[{"href":"https:\/\/www.dahms-projekt.de\/wordpress\/wp-json\/wp\/v2\/posts\/2768","targetHints":{"allow":["GET"]}}],"collection":[{"href":"https:\/\/www.dahms-projekt.de\/wordpress\/wp-json\/wp\/v2\/posts"}],"about":[{"href":"https:\/\/www.dahms-projekt.de\/wordpress\/wp-json\/wp\/v2\/types\/post"}],"author":[{"embeddable":true,"href":"https:\/\/www.dahms-projekt.de\/wordpress\/wp-json\/wp\/v2\/users\/1"}],"replies":[{"embeddable":true,"href":"https:\/\/www.dahms-projekt.de\/wordpress\/wp-json\/wp\/v2\/comments?post=2768"}],"version-history":[{"count":6,"href":"https:\/\/www.dahms-projekt.de\/wordpress\/wp-json\/wp\/v2\/posts\/2768\/revisions"}],"predecessor-version":[{"id":2780,"href":"https:\/\/www.dahms-projekt.de\/wordpress\/wp-json\/wp\/v2\/posts\/2768\/revisions\/2780"}],"wp:featuredmedia":[{"embeddable":true,"href":"https:\/\/www.dahms-projekt.de\/wordpress\/wp-json\/wp\/v2\/media\/2769"}],"wp:attachment":[{"href":"https:\/\/www.dahms-projekt.de\/wordpress\/wp-json\/wp\/v2\/media?parent=2768"}],"wp:term":[{"taxonomy":"category","embeddable":true,"href":"https:\/\/www.dahms-projekt.de\/wordpress\/wp-json\/wp\/v2\/categories?post=2768"},{"taxonomy":"post_tag","embeddable":true,"href":"https:\/\/www.dahms-projekt.de\/wordpress\/wp-json\/wp\/v2\/tags?post=2768"}],"curies":[{"name":"wp","href":"https:\/\/api.w.org\/{rel}","templated":true}]}}