{"id":2467,"date":"2023-02-17T12:32:34","date_gmt":"2023-02-17T11:32:34","guid":{"rendered":"https:\/\/www.dahms-projekt.de\/wordpress\/?p=2467"},"modified":"2023-02-22T16:40:39","modified_gmt":"2023-02-22T15:40:39","slug":"ek-ekman-choreographien-von-mats-ek-u-a-ekman","status":"publish","type":"post","link":"https:\/\/www.dahms-projekt.de\/wordpress\/2023\/02\/17\/ek-ekman-choreographien-von-mats-ek-u-a-ekman\/","title":{"rendered":"&#8222;EK\/EKMAN&#8220; Choreographien von Mats Ek u. A. Ekman"},"content":{"rendered":"<p>vom<strong> Staatsballett Berlin<\/strong> &#8211; <strong>Besuch der Premiere<\/strong> am 16-02-2023 in der <strong>Deutschen Oper Berlin.<\/strong><!--more--><\/p>\n<p><strong>Weitere Termine:<\/strong> SA 18.02.2023 \u00a0DI 21.02.2023 \u00a0SO 12.03.2023 <span class=\"event_title\"> 20:00\u00a0 <\/span>MI 22.03.2023<\/p>\n<p><strong><span style=\"font-family: Arial, serif;\"><span style=\"font-size: medium;\">A Sort of\u2026 <\/span><\/span><\/strong><\/p>\n<p><span style=\"font-family: Arial, serif;\"><span style=\"font-size: small;\"><b>Choreographie und Inszenierung:\u00a0<\/b><\/span><\/span>Mats Ek<span style=\"font-family: Arial, serif;\"><span style=\"font-size: small;\"> &#8211; <\/span><\/span><span style=\"font-family: Arial, serif;\"><span style=\"font-size: small;\"><b>Musik: <\/b><\/span><\/span><span style=\"font-family: Arial, serif;\"><span style=\"font-size: small;\">Henryk M. G\u00f3recki &#8211; <\/span><\/span><span style=\"font-family: Arial, serif;\"><span style=\"font-size: small;\"><b>B\u00fchne und Kost\u00fcm:<\/b><\/span><\/span><span style=\"font-family: Arial, serif;\"><span style=\"font-size: small;\"> Maria Geber &#8211; <\/span><\/span><span style=\"font-family: Arial, serif;\"><span style=\"font-size: small;\"><b>Licht:<\/b><\/span><\/span><span style=\"font-family: Arial, serif;\"><span style=\"font-size: small;\"> Ellen Ruge &#8211; <\/span><\/span><span style=\"font-family: Arial, serif;\"><span style=\"font-size: small;\"><b>Solist:innen und Corps de ballet des Staatsballetts Berlin<\/b><\/span><\/span><span style=\"font-family: Arial, serif;\"><span style=\"font-size: small;\"> &#8211; <\/span><\/span><span style=\"font-family: Arial, serif;\"><span style=\"font-size: small;\"><b>Musik<\/b><\/span><\/span><span style=\"font-family: Arial, serif;\"><span style=\"font-size: small;\"> vom Tontr\u00e4ger<\/span><\/span><\/p>\n<p class=\"western\"><span style=\"font-family: Arial, serif;\"><span style=\"font-size: small;\">Mats Ek geh\u00f6rt zu den f\u00fchrenden Choreographen-Pers\u00f6nlichkeiten des 20. Jahrhunderts. Mit seiner radikalen Neuinterpretation des Ballettklassikers GISELLE f\u00fcr das Cullberg Ballet erregte er 1982 weitreichende internationale Aufmerksamkeit, da zuvor niemand den urspr\u00fcnglichen choreographischen Text und die Form des Librettos zu \u00e4ndern gewagt hatte. Kritiker und Publikum erkannten in dieser Fassung den Beginn einer neuen Epoche des B\u00fchnentanzes. [<\/span><\/span><span style=\"font-family: Arial, serif;\"><span style=\"font-size: small;\"><b>Staatsballett Berlin<\/b><\/span><\/span><span style=\"font-family: Arial, serif;\"><span style=\"font-size: small;\">]<\/span><\/span><\/p>\n<figure id=\"attachment_2469\" aria-describedby=\"caption-attachment-2469\" style=\"width: 420px\" class=\"wp-caption aligncenter\"><a href=\"https:\/\/www.dahms-projekt.de\/wordpress\/2023\/02\/17\/ek-ekman-choreographien-von-mats-ek-u-a-ekman\/a_sort_of_yan_revazov_420x240\/\" rel=\"attachment wp-att-2469\"><img loading=\"lazy\" decoding=\"async\" class=\"size-full wp-image-2469\" src=\"https:\/\/www.dahms-projekt.de\/wordpress\/wp-content\/uploads\/2023\/02\/A_SORT_OF_Yan_Revazov_420x240.jpg\" alt=\"\" width=\"420\" height=\"240\" srcset=\"https:\/\/www.dahms-projekt.de\/wordpress\/wp-content\/uploads\/2023\/02\/A_SORT_OF_Yan_Revazov_420x240.jpg 420w, https:\/\/www.dahms-projekt.de\/wordpress\/wp-content\/uploads\/2023\/02\/A_SORT_OF_Yan_Revazov_420x240-300x171.jpg 300w, https:\/\/www.dahms-projekt.de\/wordpress\/wp-content\/uploads\/2023\/02\/A_SORT_OF_Yan_Revazov_420x240-150x86.jpg 150w\" sizes=\"auto, (max-width: 420px) 100vw, 420px\" \/><\/a><figcaption id=\"caption-attachment-2469\" class=\"wp-caption-text\">\u00a9 Yan_Revazov<\/figcaption><\/figure>\n<p class=\"western\">\u201e<span style=\"font-family: Arial, serif;\"><span style=\"font-size: small;\">Meine Choreographien sind mit einem Subtext unterlegt: wenn man sie tanzt, muss man mit der Bewegung bestimmte Bilder und Gef\u00fchle verbinden. Ohne diese sehen die Bewegungen einfach nur merkw\u00fcrdig und fremd aus. Der Fokus muss immer klar sein: bei einem Solo liegt er im Inneren der Person, bei mehreren T\u00e4nzern im Bezug auf das Gegen\u00fcber\u00ab, so beschreibt er selbst die Haltung, die zur Interpretation seiner Choreographien erforderlich ist. Mit den T\u00e4nzerinnen und T\u00e4nzern des Staatsballetts Berlin erarbeitet er nun sein St\u00fcck A SORT OF\u2026, uraufgef\u00fchrt 1997 beim Nederlands Dans Theater.\u201c<\/span><\/span><span style=\"font-family: Arial, serif;\"><span style=\"font-size: small;\"><b>[Mats Ek]<\/b><\/span><\/span><\/p>\n<h3 class=\"western\">Cacti<\/h3>\n<p class=\"western\"><span style=\"font-family: Arial, serif;\"><span style=\"font-size: small;\"><b>Choreographie, B\u00fchne und Kost\u00fcme von Alexander Ekman<\/b><\/span><\/span><span style=\"font-family: Arial, serif;\"><span style=\"font-size: small;\"> &#8211; <\/span><\/span><span style=\"font-family: Arial, serif;\"><span style=\"font-size: small;\"><b>Musik: <\/b><\/span><\/span><span style=\"font-family: Arial, serif;\"><span style=\"font-size: small;\">Joseph Haydn, Ludwig van Beethoven und Franz Schubert &#8211; <\/span><\/span><span style=\"font-family: Arial, serif;\"><span style=\"font-size: small;\"><b>Licht: <\/b><\/span><\/span><span style=\"font-family: Arial, serif;\"><span style=\"font-size: small;\">Alexander Ekman | Tom Visser (Umsetzung) &#8211; <\/span><\/span><span style=\"font-family: Arial, serif;\"><span style=\"font-size: small;\"><b>Text: <\/b><\/span><\/span><span style=\"font-family: Arial, serif;\"><span style=\"font-size: small;\">Spenser Theberge- <\/span><\/span><span style=\"font-family: Arial, serif;\"><span style=\"font-size: small;\"><b>Streichquartett des Orchesters der Deutschen Oper Berlin<\/b><\/span><\/span><span style=\"font-family: Arial, serif;\"><span style=\"font-size: small;\"> &#8211; <\/span><\/span><span style=\"font-family: Arial, serif;\"><span style=\"font-size: small;\"><b>Solist:innen und Corps de ballet des Staatsballetts Berlin <\/b><\/span><\/span><\/p>\n<figure id=\"attachment_2470\" aria-describedby=\"caption-attachment-2470\" style=\"width: 420px\" class=\"wp-caption aligncenter\"><a href=\"https:\/\/www.dahms-projekt.de\/wordpress\/2023\/02\/17\/ek-ekman-choreographien-von-mats-ek-u-a-ekman\/cacti_yan_revazov_420x240\/\" rel=\"attachment wp-att-2470\"><img loading=\"lazy\" decoding=\"async\" class=\"size-full wp-image-2470\" src=\"https:\/\/www.dahms-projekt.de\/wordpress\/wp-content\/uploads\/2023\/02\/CACTI_Yan_Revazov_420x240.jpg\" alt=\"\" width=\"420\" height=\"240\" srcset=\"https:\/\/www.dahms-projekt.de\/wordpress\/wp-content\/uploads\/2023\/02\/CACTI_Yan_Revazov_420x240.jpg 420w, https:\/\/www.dahms-projekt.de\/wordpress\/wp-content\/uploads\/2023\/02\/CACTI_Yan_Revazov_420x240-300x171.jpg 300w, https:\/\/www.dahms-projekt.de\/wordpress\/wp-content\/uploads\/2023\/02\/CACTI_Yan_Revazov_420x240-150x86.jpg 150w\" sizes=\"auto, (max-width: 420px) 100vw, 420px\" \/><\/a><figcaption id=\"caption-attachment-2470\" class=\"wp-caption-text\">\u00a9 Yan_Revazov<\/figcaption><\/figure>\n<p class=\"western\"><span style=\"font-family: Arial, serif;\"><span style=\"font-size: small;\">Als scharfer Beobachter richtet der Choreograph Alexander Ekman seinen Blick auf die zeitgen\u00f6ssische Tanzszene, die er bestens kennt. Sein Ballett CACTI von 2010 ist eine fr\u00f6hliche Parodie auf die Exzesse dieser Kunstform und eine liebevoll pointierte Dekonstruktion der Affektiertheit dieser kreativen Szene. 27 T\u00e4nzer:innen stehen, scheinbar gefangen, auf Holz-Quadraten. W\u00e4hrend ein Streichquartett spielt und Sprechaufnahmen augenzwinkernd vom Geschehen erz\u00e4hlen, versuchen sie, ihren unsichtbaren Gef\u00e4ngnissen zu entkommen. Schlie\u00dflich \u2014 und das ist das Wichtigste \u2014 erwerben sie jeweils einen Kaktus. Aber was bedeutet das alles? <\/span><\/span><span style=\"font-family: Arial, serif;\"><span style=\"font-size: small;\"><b>[Staatsballett Berlin]<\/b><\/span><\/span><\/p>\n<p class=\"western\"><span style=\"font-family: Arial, serif;\"><span style=\"font-size: small;\">\u201eIn diesem Werk geht es darum, wie wir Kunst beobachten und wie wir oft das Bed\u00fcrfnis versp\u00fcren, Kunst zu analysieren und zu verstehen. Ich glaube, dass es keinen richtigen Weg gibt und jeder Kunst so interpretieren und erleben kann, wie er m\u00f6chte. Wom\u00f6glich ist es nur ein Gef\u00fchl, das man nicht erkl\u00e4ren kann, wom\u00f6glich aber auch eine sehr offensichtliche Botschaft.\u00ab Mit seinem Werk CACTI hat der schwedische Choreograph offenbar einen Nerv getroffen, denn das Werk wurde inzwischen von zwanzig Tanzcompagnien weltweit aufgef\u00fchrt.\u201c <\/span><\/span><span style=\"font-family: Arial, serif;\"><span style=\"font-size: small;\"><b>[Alexander Ekman]<\/b><\/span><\/span><\/p>\n<p class=\"western\"><span style=\"font-family: Times New Roman, serif;\"><span style=\"font-family: Arial, serif;\"><b>Besuchsbericht: <\/b><\/span><\/span><\/p>\n<p>Die erste Choreographie _ A SORT Of &#8230; fordert den Beobachtenden auf, hinter den getanzten Figuren und der Choreografie eine Geschichte zu erkennen und nachzuvollziehen. Hier werden die Kommunikationen und die Verhaltensweisen von Paaren .(..und Gruppen von Paaren) demonstriert und thematisiert in einer schnellen Folge von wechselnden Bildern und Abl\u00e4ufen. Aktionen und Reaktionen, das Bilden von Gruppen und Paaren und ein schneller Wechsel von Bildung und Aufl\u00f6sung in rasanter Folge. Die Choreografie der gro\u00dfen Gruppe f\u00fcllt und bespielt das ganze B\u00fchnenareal, Dekorationen und Bilder sind abstrakt und symbolisch konstruiert. Eindrucksvoll in Szene gesetzt, das Publikum scheint begeistert der Performance zu folgen.<\/p>\n<p>Die n\u00e4chste Choreografie CACTI von Alexander Ekmann aber thematisiert die Welt der Tanzenden in ihrem t\u00e4glichen Bem\u00fchen durch Training und \u00dcbung zur individuellen Perfektion zu gelangen. Momente und Abl\u00e4ufe aus der Tanzpraxis werden humorvoll persifliert. Mittelpunkt der Choreografie ist der &#8222;Kaktus&#8220; als Geschenk f\u00fcr individuelle Leistung, Mats Ek setzt ihn als witziges Symbol f\u00fcr die humorvolle Interpretation der Bem\u00fchung des &#8222;Tanzvolkes&#8220; zur Perfektion.<\/p>\n<p>Zum Ende der Vorstellung wurden das ganzen Team der Performenden mit begeistertem Beifall f\u00fcr ihre Leistung bedacht. Das Publikum war voll zufrieden mit der Auff\u00fchrung und zum Schluss nicht mehr zu halten in ihrem Jubel. Zum Dank regnete es die Blumen, die die Truppe f\u00fcr ihre Leistung erhalten hatte zur\u00fcck ins Publikum und wurden dort begeistert aufgefangen. Ein sch\u00f6ner Abend und begeisternde Darbietungen vom Staatsballett Berlin, das Programm ist voll zu empfehlen es gibt ja noch weitere Termine.<\/p>\n<p class=\"western\"><strong><span style=\"font-family: Arial, serif;\"><span style=\"font-size: small;\">[<\/span><\/span><span style=\"font-family: Arial, serif;\"><span style=\"font-size: small;\">Peter Dahms<\/span><\/span><\/strong><span style=\"font-family: Arial, serif;\"><span style=\"font-size: small;\"> [www.TanzInfo-Berlin.de <\/span><\/span><span style=\"font-family: Arial, serif;\"><span style=\"font-size: small;\"><b>]<\/b><\/span><\/span><\/p>\n<p><strong>Alle Fotos<\/strong> \u00a9 Yan_Revazov<\/p>\n","protected":false},"excerpt":{"rendered":"<p>vom Staatsballett Berlin &#8211; Besuch der Premiere am 16-02-2023 in der Deutschen Oper Berlin.<\/p>\n","protected":false},"author":1,"featured_media":2468,"comment_status":"closed","ping_status":"closed","sticky":false,"template":"","format":"standard","meta":{"footnotes":""},"categories":[6,2,4],"tags":[],"class_list":["post-2467","post","type-post","status-publish","format-standard","has-post-thumbnail","hentry","category-besuchetanz","category-meinungen","category-termine"],"_links":{"self":[{"href":"https:\/\/www.dahms-projekt.de\/wordpress\/wp-json\/wp\/v2\/posts\/2467","targetHints":{"allow":["GET"]}}],"collection":[{"href":"https:\/\/www.dahms-projekt.de\/wordpress\/wp-json\/wp\/v2\/posts"}],"about":[{"href":"https:\/\/www.dahms-projekt.de\/wordpress\/wp-json\/wp\/v2\/types\/post"}],"author":[{"embeddable":true,"href":"https:\/\/www.dahms-projekt.de\/wordpress\/wp-json\/wp\/v2\/users\/1"}],"replies":[{"embeddable":true,"href":"https:\/\/www.dahms-projekt.de\/wordpress\/wp-json\/wp\/v2\/comments?post=2467"}],"version-history":[{"count":11,"href":"https:\/\/www.dahms-projekt.de\/wordpress\/wp-json\/wp\/v2\/posts\/2467\/revisions"}],"predecessor-version":[{"id":2489,"href":"https:\/\/www.dahms-projekt.de\/wordpress\/wp-json\/wp\/v2\/posts\/2467\/revisions\/2489"}],"wp:featuredmedia":[{"embeddable":true,"href":"https:\/\/www.dahms-projekt.de\/wordpress\/wp-json\/wp\/v2\/media\/2468"}],"wp:attachment":[{"href":"https:\/\/www.dahms-projekt.de\/wordpress\/wp-json\/wp\/v2\/media?parent=2467"}],"wp:term":[{"taxonomy":"category","embeddable":true,"href":"https:\/\/www.dahms-projekt.de\/wordpress\/wp-json\/wp\/v2\/categories?post=2467"},{"taxonomy":"post_tag","embeddable":true,"href":"https:\/\/www.dahms-projekt.de\/wordpress\/wp-json\/wp\/v2\/tags?post=2467"}],"curies":[{"name":"wp","href":"https:\/\/api.w.org\/{rel}","templated":true}]}}