{"id":2370,"date":"2022-08-14T22:17:43","date_gmt":"2022-08-14T20:17:43","guid":{"rendered":"https:\/\/www.dahms-projekt.de\/wordpress\/?p=2370"},"modified":"2022-08-14T22:17:43","modified_gmt":"2022-08-14T20:17:43","slug":"mesh-von-maija-hirvanen","status":"publish","type":"post","link":"https:\/\/www.dahms-projekt.de\/wordpress\/2022\/08\/14\/mesh-von-maija-hirvanen\/","title":{"rendered":"&#8222;MESH&#8220; von Maija\u00a0 Hirvanen"},"content":{"rendered":"<p><strong>Besuch <\/strong>am\u00a0 14. August 2022 im<strong> \u201eHAU2\u201c, \u00a0&#8230; \u00a0i<\/strong><strong>m Rahmen von 34. Tanz im August 2022 &#8211; <\/strong><strong>I<\/strong>nternationales Festival in Berlin<!--more--><\/p>\n<p>\u201eDie finnische Choreografin <strong>Maija Hirvanen<\/strong> entwirft in <strong>\u201cMesh\u201d<\/strong> unsere Existenz in einer mehr als-menschlichen Welt neu. Zwischen Mensch und Materie, Emotionen und Elektrizit\u00e4t, Atem und Wind verfangen sich vier T\u00e4nzer:innen in einem Gewebe verschlungener Lebensformen. Angelehnt an die k\u00f6rperlichen Zwischenzonen, die sich in Pilznetzwerken und in der Interspezies-Kommunikation finden, verflechten diese mystischen, hybriden B\u00fchnenwesen zahlreiche Daseinsebenen und verstricken sich immer mehr in die Frage, was Menschsein eigentlich bedeutet.\u201c [<strong>Tanz im August<\/strong>]<\/p>\n<p><strong><em>\u00a0<\/em><\/strong><strong>K\u00fcnstlerische Leitung &amp; Choreografie <\/strong>Maija Hirvanen &#8211; <strong>Mit <\/strong>Marika Peura, Marlon Moilanen, Suvi Tuominen, Pie K\u00e4r &#8211; <strong>Lichtdesign <\/strong>Heikki Paasonen &#8211; <strong>Sounddesign<\/strong> Tatu Nenonen<\/p>\n<p><strong>Besuchsbericht:<\/strong><\/p>\n<p>Die Vorstellung der finnischen Choreografin von der Menschheit als ein Dasein zwischen Mensch und Materie, was sich mit einem Pilznetzwerk vergleichen l\u00e4sst, erschlie\u00dft sich dem Betrachter erst im Laufe der Vorstellung und einer Vertiefung in die Botschaften die die Elemente der Choreografie vermitteln. Aber die Performer, drei T\u00e4nzerinnen und ein T\u00e4nzer nehmen die Besucher der Vorstellung gerne in ihre Welt der Pilze auf, indem die Darsteller von der oberen Besucherreihe hinunter zur B\u00fchne alle Anwesenden bereitwillig bis zur ersten Reihe durch Ber\u00fchrung in ihre Welt transferieren und Teilnahme spenden.<\/p>\n<figure id=\"attachment_2372\" aria-describedby=\"caption-attachment-2372\" style=\"width: 420px\" class=\"wp-caption aligncenter\"><a href=\"https:\/\/www.dahms-projekt.de\/wordpress\/2022\/08\/14\/mesh-von-maija-hirvanen\/mesh_image2_sanna_lehto_420x240\/\" rel=\"attachment wp-att-2372\"><img loading=\"lazy\" decoding=\"async\" class=\"size-full wp-image-2372\" src=\"https:\/\/www.dahms-projekt.de\/wordpress\/wp-content\/uploads\/2022\/08\/Mesh_image2_Sanna_Lehto_420x240.jpg\" alt=\"\" width=\"420\" height=\"320\" srcset=\"https:\/\/www.dahms-projekt.de\/wordpress\/wp-content\/uploads\/2022\/08\/Mesh_image2_Sanna_Lehto_420x240.jpg 420w, https:\/\/www.dahms-projekt.de\/wordpress\/wp-content\/uploads\/2022\/08\/Mesh_image2_Sanna_Lehto_420x240-300x229.jpg 300w, https:\/\/www.dahms-projekt.de\/wordpress\/wp-content\/uploads\/2022\/08\/Mesh_image2_Sanna_Lehto_420x240-150x114.jpg 150w\" sizes=\"auto, (max-width: 420px) 100vw, 420px\" \/><\/a><figcaption id=\"caption-attachment-2372\" class=\"wp-caption-text\"><strong>Copyright<\/strong> \u00a9 Sanna_Lehto<\/figcaption><\/figure>\n<p>Die Begeisterung und der Applaus kamen anfangs etwas z\u00f6gerlich um dann doch noch Begeisterung f\u00fcr die Performance zu demonstrieren.<\/p>\n<figure id=\"attachment_2373\" aria-describedby=\"caption-attachment-2373\" style=\"width: 420px\" class=\"wp-caption aligncenter\"><a href=\"https:\/\/www.dahms-projekt.de\/wordpress\/2022\/08\/14\/mesh-von-maija-hirvanen\/mesh_image3_sanna_lehto_420x320\/\" rel=\"attachment wp-att-2373\"><img loading=\"lazy\" decoding=\"async\" class=\"size-full wp-image-2373\" src=\"https:\/\/www.dahms-projekt.de\/wordpress\/wp-content\/uploads\/2022\/08\/Mesh_image3_Sanna_Lehto_420x320.jpg\" alt=\"\" width=\"420\" height=\"240\" srcset=\"https:\/\/www.dahms-projekt.de\/wordpress\/wp-content\/uploads\/2022\/08\/Mesh_image3_Sanna_Lehto_420x320.jpg 420w, https:\/\/www.dahms-projekt.de\/wordpress\/wp-content\/uploads\/2022\/08\/Mesh_image3_Sanna_Lehto_420x320-300x171.jpg 300w, https:\/\/www.dahms-projekt.de\/wordpress\/wp-content\/uploads\/2022\/08\/Mesh_image3_Sanna_Lehto_420x320-150x86.jpg 150w\" sizes=\"auto, (max-width: 420px) 100vw, 420px\" \/><\/a><figcaption id=\"caption-attachment-2373\" class=\"wp-caption-text\"><strong>Copyright<\/strong> \u00a9 Sanna_Lehto<\/figcaption><\/figure>\n<p><strong>Peter Dahms<\/strong> [TanzInfo-Berlin.de]<\/p>\n<p><strong>Alle Fotos <\/strong><strong>\u00a9 <\/strong>\u00a0<strong>Sanna_Lehto u. Heidi_Piroinen (Titel)<\/strong><\/p>\n","protected":false},"excerpt":{"rendered":"<p>Besuch am\u00a0 14. August 2022 im \u201eHAU2\u201c, \u00a0&#8230; \u00a0im Rahmen von 34. Tanz im August 2022 &#8211; Internationales Festival in Berlin<\/p>\n","protected":false},"author":1,"featured_media":2371,"comment_status":"closed","ping_status":"closed","sticky":false,"template":"","format":"standard","meta":{"footnotes":""},"categories":[6,2,4],"tags":[],"class_list":["post-2370","post","type-post","status-publish","format-standard","has-post-thumbnail","hentry","category-besuchetanz","category-meinungen","category-termine"],"_links":{"self":[{"href":"https:\/\/www.dahms-projekt.de\/wordpress\/wp-json\/wp\/v2\/posts\/2370","targetHints":{"allow":["GET"]}}],"collection":[{"href":"https:\/\/www.dahms-projekt.de\/wordpress\/wp-json\/wp\/v2\/posts"}],"about":[{"href":"https:\/\/www.dahms-projekt.de\/wordpress\/wp-json\/wp\/v2\/types\/post"}],"author":[{"embeddable":true,"href":"https:\/\/www.dahms-projekt.de\/wordpress\/wp-json\/wp\/v2\/users\/1"}],"replies":[{"embeddable":true,"href":"https:\/\/www.dahms-projekt.de\/wordpress\/wp-json\/wp\/v2\/comments?post=2370"}],"version-history":[{"count":4,"href":"https:\/\/www.dahms-projekt.de\/wordpress\/wp-json\/wp\/v2\/posts\/2370\/revisions"}],"predecessor-version":[{"id":2377,"href":"https:\/\/www.dahms-projekt.de\/wordpress\/wp-json\/wp\/v2\/posts\/2370\/revisions\/2377"}],"wp:featuredmedia":[{"embeddable":true,"href":"https:\/\/www.dahms-projekt.de\/wordpress\/wp-json\/wp\/v2\/media\/2371"}],"wp:attachment":[{"href":"https:\/\/www.dahms-projekt.de\/wordpress\/wp-json\/wp\/v2\/media?parent=2370"}],"wp:term":[{"taxonomy":"category","embeddable":true,"href":"https:\/\/www.dahms-projekt.de\/wordpress\/wp-json\/wp\/v2\/categories?post=2370"},{"taxonomy":"post_tag","embeddable":true,"href":"https:\/\/www.dahms-projekt.de\/wordpress\/wp-json\/wp\/v2\/tags?post=2370"}],"curies":[{"name":"wp","href":"https:\/\/api.w.org\/{rel}","templated":true}]}}