{"id":2116,"date":"2022-01-31T15:37:34","date_gmt":"2022-01-31T14:37:34","guid":{"rendered":"https:\/\/www.dahms-projekt.de\/wordpress\/?p=2116"},"modified":"2022-01-31T17:35:32","modified_gmt":"2022-01-31T16:35:32","slug":"premiere-antikrist","status":"publish","type":"post","link":"https:\/\/www.dahms-projekt.de\/wordpress\/2022\/01\/31\/premiere-antikrist\/","title":{"rendered":"PREMIERE &#8222;Antikrist&#8220;"},"content":{"rendered":"<p>von Rued Langgaard (1893 \u2013 1952)<\/p>\n<p><strong>&#8230;in der Deutschen Oper Berlin am 30.Januar 2022<\/strong><!--more--><\/p>\n<p><strong>Oper in zwei Akten [in einem Prolog und sechs Bildern]<\/strong><br \/>\n<strong>Libretto<\/strong> vom Komponisten<br \/>\n<strong>Deutsche \u00dcbersetzung<\/strong> von Inger und Walther Methlagl, f\u00fcr die kritische Edition \u00fcberarbeitet von Monika Wesemann<br \/>\nRevidierte Fassung, BVN 192 [1930]<br \/>\n<strong>Szenische Urauff\u00fchrung<\/strong> am 2. Mai 1999 am Tiroler Landestheater in Innsbruck<\/p>\n<p><strong>Musikalische Leitung<\/strong> &#8211; Stephan Zilias;<br \/>\n<strong>Inszenierung, B\u00fchne<\/strong>&#8211; Ersan Mondtag,;<br \/>\n<strong>Kost\u00fcme<\/strong> Annika Lu Hermann Ersan Mondtag,<br \/>\n<strong>Licht<\/strong> Rainer Casper ,<br \/>\n<strong>Ch\u00f6re<\/strong> Jeremy Bines,<br \/>\n<strong>Choreografie<\/strong> Rob Fordeyn,<br \/>\n<strong>Dramaturgie<\/strong> Carolin M\u00fcller-Dohle<\/p>\n<p><strong>Mit:<\/strong><br \/>\n<strong>Luzifer<\/strong> Thomas Lehman<br \/>\n<strong>Gottes Stimme<\/strong> Jonas Grundner-Culemann,<br \/>\n<strong>Das Echo der R\u00e4tselstimmung<\/strong> Valeriia Savinskaia<br \/>\n<strong>Die R\u00e4tselstimmung<\/strong> Irene Roberts<br \/>\n<strong>Der Mund, der gro\u00dfe Worte spricht<\/strong> Clemens Bieber<br \/>\n<strong>Der Missmut<\/strong> Gina Perregrino<br \/>\n<strong>Die gro\u00dfe Hure<\/strong> Flurina Stucki<br \/>\n<strong>Das Tier in Scharlach<\/strong> AJ Glueckert<br \/>\n<strong>Die L\u00fcge<\/strong> Andrew Dickinson<br \/>\n<strong>Der Hass<\/strong> Jordan Shanahan<br \/>\n<strong>Eine Stimme<\/strong> Thomas Lehman<\/p>\n<p><strong>T\u00e4nzer*innen und Tanzer,<\/strong><br \/>\n<strong>Ch\u00f6re<\/strong> Chor der Deutschen Oper Berlin<br \/>\n<strong>Orchester<\/strong> Orchester der Deutschen Oper Berlin<\/p>\n<p><strong>Zum Inhalt<\/strong><\/p>\n<p>&#8222;In eine gottlose Welt tritt der Antichrist. Angerufen von Luzifer selbst offenbart er sich in vielerlei Gestalt: Durch Hoffart, Missmut, Begierde, L\u00fcge und Hass wird die Menschheit im \u201eStreit aller gegen alle\u201c gepr\u00fcft und versucht. Doch am Schluss setzt die Stimme Gottes dem Antichrist ein Ende: Hephata!\u201c \/ \u201e\u00d6ffne dich!\u201c \u2013 die Welt scheint gereinigt.<\/p>\n<p>Rued Langgaards Anfang der 1920er Jahre komponierte und bis 1930 grundlegend bearbeitete\u201e Kirchenoper\u201c ist ein Monolith im Schaffen des Komponisten, das an aufregenden und ungew\u00f6hnlichen Werken nicht arm ist. Ausgehend von der Offenbarung des Johannes entwirft er ein endzeitlich gepr\u00e4gtes Mysterienspiel, das den Zeitgeist des Fin de Si\u00e8cle nicht verhehlen kann. dementsprechend geschichtspessimistisch l\u00e4sst sich sein hochsymbolistischer, voller Assoziationen steckender Text lesen. Doch die schillernde Musik \u2013 vom sp\u00e4tromantischen, gro\u00dfen Orchesterklang gepr\u00e4gt, der aber auch immer wieder in sich zusammenf\u00e4llt und aus dem karg und n\u00fcchtern Details herausgearbeitet werden \u2013 bringt Hoffnung in die dunkle Welt. Der k\u00fcnstlerische Einzelg\u00e4nger Langgaard hat hier zu einem Personalstil gefunden, der zwar an Strauss und Wagner erinnert, aber auch seine Zeitgenossen Hindemith und Sch\u00f6nberg nicht verleugnet.<\/p>\n<p>Regisseur Ersan Mondtag gibt sein Berliner Operndeb\u00fct \u2013 die ungemein kr\u00e4ftige Bildsprache des mehrfach ausgezeichneten Regisseurs, dessen Arbeiten mehrfach beim Theratertreffen zu sehen waren, scheint mit ihrer \u00dcber\u00e4sthetisierung wie geschaffen f\u00fcr Langgaards Endzeit-Mysterium.&#8220; [Deutsche Oper Berlin]<\/p>\n<p><strong>Besuchsbericht:<\/strong><\/p>\n<p style=\"text-align: center;\"><a href=\"https:\/\/www.dahms-projekt.de\/wordpress\/2022\/01\/31\/premiere-antikrist\/antikrist2_8370mhf_lehmangr_420x240-3\/\" rel=\"attachment wp-att-2125\"><img loading=\"lazy\" decoding=\"async\" class=\"size-full wp-image-2125\" src=\"https:\/\/www.dahms-projekt.de\/wordpress\/wp-content\/uploads\/2022\/01\/antikrist2_8370mhf_LehmanGr_420x240-2.jpg\" alt=\"\" width=\"420\" height=\"240\" srcset=\"https:\/\/www.dahms-projekt.de\/wordpress\/wp-content\/uploads\/2022\/01\/antikrist2_8370mhf_LehmanGr_420x240-2.jpg 420w, https:\/\/www.dahms-projekt.de\/wordpress\/wp-content\/uploads\/2022\/01\/antikrist2_8370mhf_LehmanGr_420x240-2-300x171.jpg 300w, https:\/\/www.dahms-projekt.de\/wordpress\/wp-content\/uploads\/2022\/01\/antikrist2_8370mhf_LehmanGr_420x240-2-150x86.jpg 150w\" sizes=\"auto, (max-width: 420px) 100vw, 420px\" \/><\/a><\/p>\n<p style=\"text-align: center;\">copyright (c) Thomas Aurin<\/p>\n<p>Das B\u00fchnenbild zeigt ein Vergn\u00fcgungsviertel in einer beliebigen Stadt in Europa oder au\u00dferhalb, irgendwo auf der Welt wo Menschen leben. Das Bild wird geteilt durch eine breite Stra\u00dfe mit einem Fu\u00dfg\u00e4nger\u00fcberweg mitten im Bild, er schafft die Verbindung zwischen einem Hotel auf der einen Seite und einer Kneipe oder einer Bar auf der anderen.<br \/>\nAuf dieser Stra\u00dfe spielt sich dass Leben und unsere Geschichte ab, die hier erz\u00e4hlt werden soll. Es k\u00f6nnte ein Mysterienspiel auf einem Markplatz im Mittelalter zu sein,<\/p>\n<p style=\"text-align: left;\"><a href=\"https:\/\/www.dahms-projekt.de\/wordpress\/2022\/01\/31\/premiere-antikrist\/antikrist2_0706mhf_peregrin_420x240-2\/\" rel=\"attachment wp-att-2126\"><img loading=\"lazy\" decoding=\"async\" class=\"aligncenter size-full wp-image-2126\" src=\"https:\/\/www.dahms-projekt.de\/wordpress\/wp-content\/uploads\/2022\/01\/antikrist2_0706mhf_Peregrin_420x240-1.jpg\" alt=\"\" width=\"420\" height=\"240\" srcset=\"https:\/\/www.dahms-projekt.de\/wordpress\/wp-content\/uploads\/2022\/01\/antikrist2_0706mhf_Peregrin_420x240-1.jpg 420w, https:\/\/www.dahms-projekt.de\/wordpress\/wp-content\/uploads\/2022\/01\/antikrist2_0706mhf_Peregrin_420x240-1-300x171.jpg 300w, https:\/\/www.dahms-projekt.de\/wordpress\/wp-content\/uploads\/2022\/01\/antikrist2_0706mhf_Peregrin_420x240-1-150x86.jpg 150w\" sizes=\"auto, (max-width: 420px) 100vw, 420px\" \/><\/a><\/p>\n<p style=\"text-align: center;\">copyright (c) Thomas Aurin<\/p>\n<p style=\"text-align: left;\">Es gibt keine direkte Handlung, ein Bild folgt dem n\u00e4chsten kommentiert mit kurzen Aphorismen und Analogien wird die Geschichte erz\u00e4hlt, die der Prophet Johannes den Menschen offenbart. Eine st\u00e4ndig wechselnde Schar von S\u00e4ngern und T\u00e4nzern in bunten, grotesken Kost\u00fcmen, und gern auch einmal ganz ohne, beherrschen die Szene.<\/p>\n<p style=\"text-align: center;\"><a href=\"https:\/\/www.dahms-projekt.de\/wordpress\/2022\/01\/31\/premiere-antikrist\/antikrist1_3402mhf_lehmanst_420x320-2\/\" rel=\"attachment wp-att-2127\"><img loading=\"lazy\" decoding=\"async\" class=\"aligncenter size-full wp-image-2127\" src=\"https:\/\/www.dahms-projekt.de\/wordpress\/wp-content\/uploads\/2022\/01\/antikrist1_3402mhf_LehmanSt_420x320-1.jpg\" alt=\"\" width=\"420\" height=\"320\" srcset=\"https:\/\/www.dahms-projekt.de\/wordpress\/wp-content\/uploads\/2022\/01\/antikrist1_3402mhf_LehmanSt_420x320-1.jpg 420w, https:\/\/www.dahms-projekt.de\/wordpress\/wp-content\/uploads\/2022\/01\/antikrist1_3402mhf_LehmanSt_420x320-1-300x229.jpg 300w, https:\/\/www.dahms-projekt.de\/wordpress\/wp-content\/uploads\/2022\/01\/antikrist1_3402mhf_LehmanSt_420x320-1-150x114.jpg 150w\" sizes=\"auto, (max-width: 420px) 100vw, 420px\" \/><\/a><\/p>\n<p style=\"text-align: center;\">copyright (c) Thomas Aurin<\/p>\n<p style=\"text-align: left;\">Die Menschheit entwickelt sich zu ihrem Nachteil, sie verleugnet Gott und betet die Laster an, Gott l\u00e4sst den Antikrist sein teuflische Werk durchf\u00fchren, um die Menschheit zu pr\u00fcfen. Es endet alles wie es kommen muss, die Welt zerst\u00f6rt sich selbst. Aber nach dieser Pr\u00fcfung zeigt Gott Erbarmen und erl\u00f6st die Menschen von ihren S\u00fcnden und \u00fcbernimmt wieder die Gewalt.<\/p>\n<p><strong>Peter Dahms<\/strong> [OpernInfo-Berlin.de]<\/p>\n<p><strong>Alle Fotos<\/strong> \u00a9 Thomas Aurin<\/p>\n","protected":false},"excerpt":{"rendered":"<p>von Rued Langgaard (1893 \u2013 1952) &#8230;in der Deutschen Oper Berlin am 30.Januar 2022<\/p>\n","protected":false},"author":1,"featured_media":2117,"comment_status":"closed","ping_status":"closed","sticky":false,"template":"","format":"standard","meta":{"footnotes":""},"categories":[5,2,4],"tags":[],"class_list":["post-2116","post","type-post","status-publish","format-standard","has-post-thumbnail","hentry","category-opernbesuche","category-meinungen","category-termine"],"_links":{"self":[{"href":"https:\/\/www.dahms-projekt.de\/wordpress\/wp-json\/wp\/v2\/posts\/2116","targetHints":{"allow":["GET"]}}],"collection":[{"href":"https:\/\/www.dahms-projekt.de\/wordpress\/wp-json\/wp\/v2\/posts"}],"about":[{"href":"https:\/\/www.dahms-projekt.de\/wordpress\/wp-json\/wp\/v2\/types\/post"}],"author":[{"embeddable":true,"href":"https:\/\/www.dahms-projekt.de\/wordpress\/wp-json\/wp\/v2\/users\/1"}],"replies":[{"embeddable":true,"href":"https:\/\/www.dahms-projekt.de\/wordpress\/wp-json\/wp\/v2\/comments?post=2116"}],"version-history":[{"count":8,"href":"https:\/\/www.dahms-projekt.de\/wordpress\/wp-json\/wp\/v2\/posts\/2116\/revisions"}],"predecessor-version":[{"id":2132,"href":"https:\/\/www.dahms-projekt.de\/wordpress\/wp-json\/wp\/v2\/posts\/2116\/revisions\/2132"}],"wp:featuredmedia":[{"embeddable":true,"href":"https:\/\/www.dahms-projekt.de\/wordpress\/wp-json\/wp\/v2\/media\/2117"}],"wp:attachment":[{"href":"https:\/\/www.dahms-projekt.de\/wordpress\/wp-json\/wp\/v2\/media?parent=2116"}],"wp:term":[{"taxonomy":"category","embeddable":true,"href":"https:\/\/www.dahms-projekt.de\/wordpress\/wp-json\/wp\/v2\/categories?post=2116"},{"taxonomy":"post_tag","embeddable":true,"href":"https:\/\/www.dahms-projekt.de\/wordpress\/wp-json\/wp\/v2\/tags?post=2116"}],"curies":[{"name":"wp","href":"https:\/\/api.w.org\/{rel}","templated":true}]}}