{"id":2095,"date":"2022-01-15T13:17:30","date_gmt":"2022-01-15T12:17:30","guid":{"rendered":"https:\/\/www.dahms-projekt.de\/wordpress\/?p=2095"},"modified":"2022-01-15T13:17:30","modified_gmt":"2022-01-15T12:17:30","slug":"ankuendigung-wilhelm-groener","status":"publish","type":"post","link":"https:\/\/www.dahms-projekt.de\/wordpress\/2022\/01\/15\/ankuendigung-wilhelm-groener\/","title":{"rendered":"Ank\u00fcndigung &#8222;WILHELM GROENER&#8220;"},"content":{"rendered":"<h2><strong>Frames Fragments Frequencies<\/strong><\/h2>\n<p><em><strong>Eine Experimental-Film-Serie in acht Kapiteln<\/strong><\/em><!--more--><\/p>\n<p><strong>Konzept &amp; Realisierung:<\/strong><br \/>\nWILHELM GROENER \u2013 G\u00fcnther Wilhelm &amp; Mariola Groener<\/p>\n<p><strong>Performance:<\/strong> Ben Cottrell, Mike O\u2019Connor, Rudi Fischerlehner, Mariola Groener, Ulrich Huhn, Assaf Hochman, Anna Melnikova, Aya Toraiwa, Frank Willens, G\u00fcnther Wilhelm<\/p>\n<p><strong>Regie:<\/strong> Mariola Groener<br \/>\n<strong>Kamera:<\/strong> Matthias Schellenberg, Thilo Schmidt<br \/>\n<strong>Ton:<\/strong> Emil Morgenstern<br \/>\n<strong>Licht:<\/strong> Mariola Groener, Andreas Harder, Matthias Schellenberg<br \/>\n<strong>Schnitt:<\/strong> Matthias Schellenberg<br \/>\n<strong>Schlagzeug:<\/strong> Rudi Fischerlehner<br \/>\n<strong>Tonbearbeitung:<\/strong> Rudi Fischerlehner<br \/>\n<strong>Raum, Ausstattung:<\/strong> Mariola Groener<br \/>\n<strong>Gew\u00e4nder:<\/strong> ATELIER.W.G.<br \/>\n<strong>Webdesign, Grafik:<\/strong> Stefan Landrock<br \/>\n<strong>Assistenz, Catering:<\/strong> Hans L\u00f6ffler<br \/>\n<strong>Technische Leitung:<\/strong> Andreas Harder<br \/>\n<strong>Social Media:<\/strong> Julia Keutner<br \/>\n<strong>Kommunikation: k3 berlin<\/strong><\/p>\n<p><strong>Kapitel 1:<\/strong> online ab Montag, 28. Februar 2022, 20:00 Uhr<\/p>\n<p>&#8222;Seit 21 Jahren erschaffen Mariola Groener und G\u00fcnther Wilhelm als WILHELM GROENER gemeinsame Kompositionen. Dabei verbinden sie Raum, K\u00f6rper, Ton, visuelle Mittel und Material zu choreografisch-performativen Texturen an der Schnittstelle von darstellender und bildender Kunst. Experimentelles, Abstraktes, Poetisches als auch rezeptive Perspektivwechsel sind Teil der k\u00fcnstlerischen Strategie.&#8220;<\/p>\n<figure id=\"attachment_2100\" aria-describedby=\"caption-attachment-2100\" style=\"width: 620px\" class=\"wp-caption aligncenter\"><a href=\"https:\/\/www.dahms-projekt.de\/wordpress\/2022\/01\/15\/ankuendigung-wilhelm-groener\/7-wilhelm-groener_620x380\/\" rel=\"attachment wp-att-2100\"><img loading=\"lazy\" decoding=\"async\" class=\"size-full wp-image-2100\" src=\"https:\/\/www.dahms-projekt.de\/wordpress\/wp-content\/uploads\/2022\/01\/7-WILHELM-GROENER_620x380.jpg\" alt=\"\" width=\"620\" height=\"380\" srcset=\"https:\/\/www.dahms-projekt.de\/wordpress\/wp-content\/uploads\/2022\/01\/7-WILHELM-GROENER_620x380.jpg 620w, https:\/\/www.dahms-projekt.de\/wordpress\/wp-content\/uploads\/2022\/01\/7-WILHELM-GROENER_620x380-300x184.jpg 300w, https:\/\/www.dahms-projekt.de\/wordpress\/wp-content\/uploads\/2022\/01\/7-WILHELM-GROENER_620x380-150x92.jpg 150w\" sizes=\"auto, (max-width: 620px) 100vw, 620px\" \/><\/a><figcaption id=\"caption-attachment-2100\" class=\"wp-caption-text\">(c) Mariola Groener<\/figcaption><\/figure>\n<p>&#8222;Ihr eigenes, komplexes Oeuvre aus zwei Jahrzehnten mit Choreografien, performativen Installationen, Ausstellungen, Videoarbeiten, Editionen und Publikationen untersuchen WILHELM GROENER derzeit in ihrem Langzeitprojekt \u201eperforming archive\u201c. Welche M\u00f6glichkeiten und Ann\u00e4herungen gibt es zwischen den diametral entgegen gesetzten Begriffen des Archivarischen und Ephemeren? Was kann ein Archivieren des Performativen sein? K\u00f6nnen K\u00f6rper und ihre Mittel als Archive betrachtet werden? Und kann der Werkk\u00f6rper als eine Art \u00b4Wandlungsmaschine` dienen, die immerzu neue Facetten des Performativen zul\u00e4sst?&#8220;<\/p>\n<figure id=\"attachment_2098\" aria-describedby=\"caption-attachment-2098\" style=\"width: 620px\" class=\"wp-caption aligncenter\"><a href=\"https:\/\/www.dahms-projekt.de\/wordpress\/2022\/01\/15\/ankuendigung-wilhelm-groener\/5-wilhelm-groener_620x380\/\" rel=\"attachment wp-att-2098\"><img loading=\"lazy\" decoding=\"async\" class=\"size-full wp-image-2098\" src=\"https:\/\/www.dahms-projekt.de\/wordpress\/wp-content\/uploads\/2022\/01\/5-WILHELM-GROENER_620x380.jpg\" alt=\"\" width=\"620\" height=\"380\" srcset=\"https:\/\/www.dahms-projekt.de\/wordpress\/wp-content\/uploads\/2022\/01\/5-WILHELM-GROENER_620x380.jpg 620w, https:\/\/www.dahms-projekt.de\/wordpress\/wp-content\/uploads\/2022\/01\/5-WILHELM-GROENER_620x380-300x184.jpg 300w, https:\/\/www.dahms-projekt.de\/wordpress\/wp-content\/uploads\/2022\/01\/5-WILHELM-GROENER_620x380-150x92.jpg 150w\" sizes=\"auto, (max-width: 620px) 100vw, 620px\" \/><\/a><figcaption id=\"caption-attachment-2098\" class=\"wp-caption-text\">(c) Mariola Groener<\/figcaption><\/figure>\n<p>&#8222;Aus der Untersuchung dieser Fragestellungen entstand nun das Filmexperiment \u201eFrames Fragments Frequencies\u201c, online zu erleben zwischen Rosenmontag und Ostermontag 2022 in acht Folgen, jeweils mit einem neuen Kapitel zu Wochenbeginn.\u00a0\u00a0\u00a0 &#8230;&#8230;&#8230;&#8230;&#8230;&#8230;&#8220;<\/p>\n<p><em>_07.03.2022, Kapitel 2<\/em><br \/>\n<em>_14.03.2022, Kapitel 3<\/em><br \/>\n<em>_21.03.2022, Kapitel 4<\/em><br \/>\n<em>_28.03.2022, Kapitel 5<\/em><br \/>\n<em>_04.04.2022, Kapitel 6<\/em><br \/>\n<em>_11.04.2022, Kapitel 7<\/em><br \/>\n<em>_18.04.2022, Kapitel 8<\/em><br \/>\n<em>jeweils montags ab 20:00 Uhr online unter: <\/em><a href=\"http:\/\/framesfragmentsfrequencies.net\">framesfragmentsfrequencies.net<\/a><\/p>\n<p><strong>Weitere Informationen unter:<\/strong> <a href=\"http:\/\/www.framesfragmentsfrequencies.net\">www.framesfragmentsfrequencies.net<\/a><\/p>\n<p><strong>Allgemeine Informationen unter: <\/strong><a href=\"http:\/\/www.wilhelmgroener.net\">www.wilhelmgroener.net<\/a><\/p>\n<p><strong>&#8230; alle Fotos<\/strong> (c) Mariola Groener<\/p>\n","protected":false},"excerpt":{"rendered":"<p>Frames Fragments Frequencies Eine Experimental-Film-Serie in acht Kapiteln<\/p>\n","protected":false},"author":1,"featured_media":2102,"comment_status":"closed","ping_status":"closed","sticky":false,"template":"","format":"standard","meta":{"footnotes":""},"categories":[8,4],"tags":[],"class_list":["post-2095","post","type-post","status-publish","format-standard","has-post-thumbnail","hentry","category-ankuendigungen","category-termine"],"_links":{"self":[{"href":"https:\/\/www.dahms-projekt.de\/wordpress\/wp-json\/wp\/v2\/posts\/2095","targetHints":{"allow":["GET"]}}],"collection":[{"href":"https:\/\/www.dahms-projekt.de\/wordpress\/wp-json\/wp\/v2\/posts"}],"about":[{"href":"https:\/\/www.dahms-projekt.de\/wordpress\/wp-json\/wp\/v2\/types\/post"}],"author":[{"embeddable":true,"href":"https:\/\/www.dahms-projekt.de\/wordpress\/wp-json\/wp\/v2\/users\/1"}],"replies":[{"embeddable":true,"href":"https:\/\/www.dahms-projekt.de\/wordpress\/wp-json\/wp\/v2\/comments?post=2095"}],"version-history":[{"count":6,"href":"https:\/\/www.dahms-projekt.de\/wordpress\/wp-json\/wp\/v2\/posts\/2095\/revisions"}],"predecessor-version":[{"id":2107,"href":"https:\/\/www.dahms-projekt.de\/wordpress\/wp-json\/wp\/v2\/posts\/2095\/revisions\/2107"}],"wp:featuredmedia":[{"embeddable":true,"href":"https:\/\/www.dahms-projekt.de\/wordpress\/wp-json\/wp\/v2\/media\/2102"}],"wp:attachment":[{"href":"https:\/\/www.dahms-projekt.de\/wordpress\/wp-json\/wp\/v2\/media?parent=2095"}],"wp:term":[{"taxonomy":"category","embeddable":true,"href":"https:\/\/www.dahms-projekt.de\/wordpress\/wp-json\/wp\/v2\/categories?post=2095"},{"taxonomy":"post_tag","embeddable":true,"href":"https:\/\/www.dahms-projekt.de\/wordpress\/wp-json\/wp\/v2\/tags?post=2095"}],"curies":[{"name":"wp","href":"https:\/\/api.w.org\/{rel}","templated":true}]}}