{"id":1943,"date":"2021-04-06T11:02:29","date_gmt":"2021-04-06T09:02:29","guid":{"rendered":"https:\/\/www.dahms-projekt.de\/wordpress\/?p=1943"},"modified":"2021-04-06T11:03:42","modified_gmt":"2021-04-06T09:03:42","slug":"strong-vom-staatsballett-berlin","status":"publish","type":"post","link":"https:\/\/www.dahms-projekt.de\/wordpress\/2021\/04\/06\/strong-vom-staatsballett-berlin\/","title":{"rendered":"&#8222;STRONG&#8220; vom Staatsballett Berlin"},"content":{"rendered":"<p><strong>Foto (c)&#8230;\u00a0 by <em>Jubal_Battisti<\/em><\/strong><\/p>\n<p><strong>Im Stream<\/strong> ab 18:00 Uhr f\u00fcr 24 Stunden &#8211; am 9. April 2021 und am 11. | 28. Mai 2021 &#8211; 15. Juni 2021 auf &#8230;<\/p>\n<p><a href=\"https:\/\/www.staatsballett-berlin.de\/de\/spielplan\/nn-4\/09-04-2021\/1272\">https:\/\/www.staatsballett-berlin.de\/de\/spielplan\/nn-4\/09-04-2021\/1272<\/a><\/p>\n<p><!--more--><\/p>\n<p><strong>STRONG<\/strong><br \/>\nTanzst\u00fcck von Sharon Eyal<br \/>\nMusik von Ori Lichtik<\/p>\n<p>Co-choreography: Gai Behar<br \/>\nStage design: Sharon Eyal, Gai Behar<br \/>\nCostumes: Rebecca Hytting<br \/>\nLight design: Alon Cohen<br \/>\nAssistant to the choreographer: Rebecca Hytting<\/p>\n<p>Filipa Cavaco, Weronika Frodyma, Sarah Hees-Hochster, Cameron Hunter, Mari Kawanishi, Vivian Assal Koohnavard, Sacha Males, Ross Martinson, Johnny McMillan, Danielle Muir, Dana Pajarillaga, Eoin Robinson, Eloise Sacilotto, Jenni Sch\u00e4ferhoff, Federico Spallitta, Harumi Terayama, Clotilde Tran<\/p>\n<p><em><strong>Aufzeichnung 8. Dezember 2019<\/strong><\/em><\/p>\n<hr \/>\n<p><strong>Mein Besuchsbericht von der Urauff\u00fchrung:<\/strong><\/p>\n<p><strong>[ Erster Teil des Abends: LIB<\/strong> &#8211; St\u00fcck von Alexander Ekman &#8211;<strong>Pause]<\/strong><\/p>\n<hr \/>\n<p><strong>Zweiter Teil des Abends:<\/strong><br \/>\n<strong>STRONG<\/strong><br \/>\nTanzst\u00fcck von Sharon Eyal<br \/>\nMusik von Ori Lichtik<\/p>\n<p>\u201eDem gegen\u00fcber steht die Kreation \u00bbSTRONG\u00ab von Sharon Eyal. Mit ihrer kompromisslosen, unverwechselbaren Handschrift erobert Eyal zusammen mit ihrem Partner Gai Behar zunehmend die europ\u00e4ischen Tanzb\u00fchnen und begeisterte bereits mit \u00bbHalf Life\u00ab das Berliner Publikum. .[\u2026]\u201c <strong>Staatsballett Berlin<\/strong><\/p>\n<p><strong>Besuchsbericht \u00fcber den zweiten Teil des Abends:<\/strong><\/p>\n<p>Als Kontrastprogramm erscheint da das zweite Tanzst\u00fcck dieses Abends nach der Pause. Bevor der Vorhang sich hebt, ist aus allen ringsherum im Zuschauerraum installierten Lautsprechern ein leises unverst\u00e4ndliches Wispern zu h\u00f6ren. Die T\u00f6ne werden lauter und man glaubt, viele Stimmen zu h\u00f6ren, die immer lauter bei gleicher Unverst\u00e4ndlichkeit werden und zunehmend von h\u00e4mmernden Tonen begleitet werden, die das folgende Tanzst\u00fcck, zu dem sich jetzt der Vorhang hebt, immer eindringlicher, drohender, aggressiver begleiten werden.<\/p>\n<p>Im Hintergrund der nur sp\u00e4rlich erleuchteten B\u00fchne sieht man T\u00e4nzer, die eng aneinander, fast umschlungen als Gruppe diesen stampfenden Rhythmus in der Bewegung begleiten.<br \/>\nDas St\u00fcck bewegt die Tanzenden im unbekannten Raum, im Obskuren und l\u00e4sst dadurch keine konkreten K\u00f6rper oder Bewegungen erkennen. Der Zuschauer ist aufgefordert, wird gedr\u00e4ngt, sich selbst ein Bild zu machen, selbst eine Bedeutung zu konstruieren und diese auf das unvollst\u00e4ndig gesehenen zu projizieren.<br \/>\nEine interessante Arbeit, anregend aber auch bedrohlich, dem Publikum hat es gefallen und zeigt es durch seinen st\u00fcrmischen Beifall.<\/p>\n<p><strong>Peter Dahms<\/strong> [TanzInfo-Berlin.de\/ Dahms-Projekt.de\/Wordpress]<\/p>\n","protected":false},"excerpt":{"rendered":"<p>Foto (c)&#8230;\u00a0 by Jubal_Battisti Im Stream ab 18:00 Uhr f\u00fcr 24 Stunden &#8211; am 9. April 2021 und am 11. | 28. Mai 2021 &#8211; 15. Juni 2021 auf &#8230; https:\/\/www.staatsballett-berlin.de\/de\/spielplan\/nn-4\/09-04-2021\/1272<\/p>\n","protected":false},"author":1,"featured_media":1944,"comment_status":"closed","ping_status":"closed","sticky":false,"template":"","format":"standard","meta":{"footnotes":""},"categories":[1,6,2,10],"tags":[],"class_list":["post-1943","post","type-post","status-publish","format-standard","has-post-thumbnail","hentry","category-allgemein","category-besuchetanz","category-meinungen","category-rueckblicke"],"_links":{"self":[{"href":"https:\/\/www.dahms-projekt.de\/wordpress\/wp-json\/wp\/v2\/posts\/1943","targetHints":{"allow":["GET"]}}],"collection":[{"href":"https:\/\/www.dahms-projekt.de\/wordpress\/wp-json\/wp\/v2\/posts"}],"about":[{"href":"https:\/\/www.dahms-projekt.de\/wordpress\/wp-json\/wp\/v2\/types\/post"}],"author":[{"embeddable":true,"href":"https:\/\/www.dahms-projekt.de\/wordpress\/wp-json\/wp\/v2\/users\/1"}],"replies":[{"embeddable":true,"href":"https:\/\/www.dahms-projekt.de\/wordpress\/wp-json\/wp\/v2\/comments?post=1943"}],"version-history":[{"count":1,"href":"https:\/\/www.dahms-projekt.de\/wordpress\/wp-json\/wp\/v2\/posts\/1943\/revisions"}],"predecessor-version":[{"id":1945,"href":"https:\/\/www.dahms-projekt.de\/wordpress\/wp-json\/wp\/v2\/posts\/1943\/revisions\/1945"}],"wp:featuredmedia":[{"embeddable":true,"href":"https:\/\/www.dahms-projekt.de\/wordpress\/wp-json\/wp\/v2\/media\/1944"}],"wp:attachment":[{"href":"https:\/\/www.dahms-projekt.de\/wordpress\/wp-json\/wp\/v2\/media?parent=1943"}],"wp:term":[{"taxonomy":"category","embeddable":true,"href":"https:\/\/www.dahms-projekt.de\/wordpress\/wp-json\/wp\/v2\/categories?post=1943"},{"taxonomy":"post_tag","embeddable":true,"href":"https:\/\/www.dahms-projekt.de\/wordpress\/wp-json\/wp\/v2\/tags?post=1943"}],"curies":[{"name":"wp","href":"https:\/\/api.w.org\/{rel}","templated":true}]}}