{"id":1930,"date":"2021-03-25T18:35:17","date_gmt":"2021-03-25T17:35:17","guid":{"rendered":"https:\/\/www.dahms-projekt.de\/wordpress\/?p=1930"},"modified":"2021-03-25T18:40:17","modified_gmt":"2021-03-25T17:40:17","slug":"rienzi-im-stream-on-demand","status":"publish","type":"post","link":"https:\/\/www.dahms-projekt.de\/wordpress\/2021\/03\/25\/rienzi-im-stream-on-demand\/","title":{"rendered":"&#8222;RIENZI&#8220; im Stream on Demand"},"content":{"rendered":"<p><strong>Rienzi, der Letzte der Tribunen als Video on Demand von 1. bis 4. April 2021<\/strong><\/p>\n<hr \/>\n<p>auf: <a href=\"https:\/\/www.deutscheoperberlin.de\/de_DE\/rienzi-als-video-on-demand\">https:\/\/www.deutscheoperberlin.de\/de_DE\/rienzi-als-video-on-demand<\/a><\/p>\n<hr \/>\n<p><strong>Gro\u00dfe tragische Oper in f\u00fcnf Akten<\/strong>, Dichtung von <strong>Richard Wagner<\/strong>, nach dem Roman von Edward Bulwer-Lytton.<!--more--><br \/>\n<strong>Rienzi, or The Last of the Tribunes<\/strong> &#8211; [deutsch von Georg Nikolaus B\u00e4rmann,1836]<br \/>\n<strong>Urauff\u00fchrung am 20.Oktober 1842 in Dresden,<\/strong> K\u00f6niglich S\u00e4chsisches Hoftheater Gewidmet Friedrich August II.,K\u00f6nig von Sachsen<br \/>\n<strong>Premiere an der Deutschen Oper Berlin am 24. Januar 2010<\/strong><\/p>\n<p>2 Stunden 34 Minuten \/ Keine Pause<br \/>\n<em>Mit deutschen und englischen \u00dcbertitel<\/em><\/p>\n<hr \/>\n<p><strong>Besuchsbericht<\/strong> <em>von der Premiere am 24.Januar 2010<\/em><\/p>\n<p>Geschichte ist ja sooo\u2026 einfach. H\u00e4tte ein kleiner, wenig talentierter Kunstmaler in seiner Jugend nicht die Oper RIENZI gesehen, dann h\u00e4tte es DEN Hitler, wie wir ihn immer wieder neu kennenlernen, nicht gegeben. Ich hatte beim Anblick des B\u00fchnenbildes ein D\u00e9j\u00e0 vu. Eigentlich passiert mir das immer wieder. Unseren Regisseuren, ob f\u00fcr Kino, Oper, f\u00fcr amerikanische Serien oder auch f\u00fcr das Theater arbeitend, f\u00e4llt immer nur das Gleiche ein. Fest steht, Wagner kannte Hitler nicht, wie auch, und dass man ihn sp\u00e4ter f\u00fcr den Nationalsozialismus vereinnahmte, daf\u00fcr konnte er direkt auch nichts. Er hat nur als einziger der vielen \u201aAntisemiten\u2019 des 19. und des beginnenden 20.Jahrhunderts, dank seiner Leistung in der Opernkomposition, bis in unser 21.Jahrhundert \u00fcberlebt. Wie hat sich Wagner den Rienzi gedacht? Vielleicht ist die konzertante Variante da doch informativer? Wie viele Diktatoren der Neuzeit, und es gibt ja wahrhaftig mehr als einen, k\u00f6nnte man in dieses Schema pressen? Das B\u00fchnenbild wird \u00fcber l\u00e4ngere Strecken, besonders im 2. Teil nach der Pause von einer Videowand dominiert. Darauf wird im Wechsel mit symbolischen Szenen, Rienzi, Torsten Kerl in der aktuellen Darstellung projiziert. Das ist ein guter Regieeinfall, die Eindringlichkeit des Vortrags wird dadurch wesentlich erh\u00f6ht. Die weiteren wechselnden Szenen des Videos zeigen in einem \u201ePatchwork\u201c die Ikonografien der Ideologien, \u00fcberwiegend des Nationalsozialismus, des Faschismus und des Kommunismus, wo sie sich auch grunds\u00e4tzlich \u00e4hneln. Ein Patchwork, auch der gesamte Darstellungsablauf, nach eindeutigen Bez\u00fcgen zur deutschen Diktatur, erinnert das Ende des \u201aTribuns\u2019 mehr an das Schicksal seines italienischen Pendants. Die Buhrufe am Ende des ersten Teils und zum Schluss kann man nachvollziehen. Der \u201aTribun\u2019 wird in dieser Interpretation und als Parallele zur deutschen Diktatur streckenweise zu \u201averst\u00e4ndnisvoll und menschlich tragisch\u2019 dargestellt.<\/p>\n<figure id=\"attachment_1923\" aria-describedby=\"caption-attachment-1923\" style=\"width: 420px\" class=\"wp-caption aligncenter\"><img loading=\"lazy\" decoding=\"async\" class=\"size-full wp-image-1923\" src=\"https:\/\/www.dahms-projekt.de\/wordpress\/wp-content\/uploads\/2021\/03\/Rienzi_BStoess-489_420x280.jpg\" alt=\"\" width=\"420\" height=\"280\" srcset=\"https:\/\/www.dahms-projekt.de\/wordpress\/wp-content\/uploads\/2021\/03\/Rienzi_BStoess-489_420x280.jpg 420w, https:\/\/www.dahms-projekt.de\/wordpress\/wp-content\/uploads\/2021\/03\/Rienzi_BStoess-489_420x280-300x200.jpg 300w, https:\/\/www.dahms-projekt.de\/wordpress\/wp-content\/uploads\/2021\/03\/Rienzi_BStoess-489_420x280-150x100.jpg 150w\" sizes=\"auto, (max-width: 420px) 100vw, 420px\" \/><figcaption id=\"caption-attachment-1923\" class=\"wp-caption-text\">(c) Bettina St0ess<\/figcaption><\/figure>\n<p>Nun doch noch zur Auff\u00fchrung. Gute S\u00e4nger und gute Darsteller retten doch immer noch die schlechteste Inszenierung. Der Schlussapplaus gilt meist und ausschlie\u00dflich den Darstellern und nicht unbedingt der Auff\u00fchrung. Daf\u00fcr ist erst einmal der Schlussakt vor der Pause da. Eine Wagneroper und sei sie noch so unvollendet, aus den Entwicklungsjahren des Komponisten, ist ein weites Feld f\u00fcr einen S\u00e4nger, um seine Stimmgewalt und Virtuosit\u00e4t zur Geltung zu bringen. In der Musik scheinen immer wieder die Melodien des sp\u00e4teren Wagners durch und vor allem, die Ch\u00f6re, stimmgewaltig und beeindruckend sind sie in Szene gesetzt.<br \/>\nIn der gek\u00fcrzten Fassung von Rienzi, wie sie heute aufgef\u00fchrt wird, hat der S\u00e4nger des Rienzi eine wahrhaft herkulische Leistung zu vollbringen. Fortlaufend in Aktion, meistert alle diese Anforderungen meisterhaft Torsten Kerl, dagegen fallen die anderen Darsteller doch etwas ab. F\u00fcr ihre Leistung mit starkem Applaus werden Kate Aldrich in der \u201aHosenrolle\u2019 des Adriano und Camilla Nylund als Irene bedacht. Besonders der Chor und das Orchester erhalten brausenden Beifall f\u00fcr ihre Leistung, so m\u00f6chte man Wagner sehen.<br \/>\nEin gemischter Eindruck bleibt von der Auff\u00fchrung. Es bleiben Zweifel an der Interpretation durch die Inszenierung, aber man ist auch beeindruckt von der Ausf\u00fchrung. Andererseits und ohne Abstriche ein gro\u00dfes Lob f\u00fcr alle Darsteller. Hingehen, ansehen und selbst beurteilen, es lohnt sich.<\/p>\n<p><strong>Peter Dahms<\/strong> [www.OpernInfo-Berlin.de]<\/p>\n<p><strong>Fotos<\/strong> (c) Bettina Stoess<\/p>\n","protected":false},"excerpt":{"rendered":"<p>Rienzi, der Letzte der Tribunen als Video on Demand von 1. bis 4. April 2021 auf: https:\/\/www.deutscheoperberlin.de\/de_DE\/rienzi-als-video-on-demand Gro\u00dfe tragische Oper in f\u00fcnf Akten, Dichtung von Richard Wagner, nach dem Roman von Edward Bulwer-Lytton.<\/p>\n","protected":false},"author":1,"featured_media":1924,"comment_status":"closed","ping_status":"closed","sticky":false,"template":"","format":"standard","meta":{"footnotes":""},"categories":[8,5,2],"tags":[],"class_list":["post-1930","post","type-post","status-publish","format-standard","has-post-thumbnail","hentry","category-ankuendigungen","category-opernbesuche","category-meinungen"],"_links":{"self":[{"href":"https:\/\/www.dahms-projekt.de\/wordpress\/wp-json\/wp\/v2\/posts\/1930","targetHints":{"allow":["GET"]}}],"collection":[{"href":"https:\/\/www.dahms-projekt.de\/wordpress\/wp-json\/wp\/v2\/posts"}],"about":[{"href":"https:\/\/www.dahms-projekt.de\/wordpress\/wp-json\/wp\/v2\/types\/post"}],"author":[{"embeddable":true,"href":"https:\/\/www.dahms-projekt.de\/wordpress\/wp-json\/wp\/v2\/users\/1"}],"replies":[{"embeddable":true,"href":"https:\/\/www.dahms-projekt.de\/wordpress\/wp-json\/wp\/v2\/comments?post=1930"}],"version-history":[{"count":7,"href":"https:\/\/www.dahms-projekt.de\/wordpress\/wp-json\/wp\/v2\/posts\/1930\/revisions"}],"predecessor-version":[{"id":1937,"href":"https:\/\/www.dahms-projekt.de\/wordpress\/wp-json\/wp\/v2\/posts\/1930\/revisions\/1937"}],"wp:featuredmedia":[{"embeddable":true,"href":"https:\/\/www.dahms-projekt.de\/wordpress\/wp-json\/wp\/v2\/media\/1924"}],"wp:attachment":[{"href":"https:\/\/www.dahms-projekt.de\/wordpress\/wp-json\/wp\/v2\/media?parent=1930"}],"wp:term":[{"taxonomy":"category","embeddable":true,"href":"https:\/\/www.dahms-projekt.de\/wordpress\/wp-json\/wp\/v2\/categories?post=1930"},{"taxonomy":"post_tag","embeddable":true,"href":"https:\/\/www.dahms-projekt.de\/wordpress\/wp-json\/wp\/v2\/tags?post=1930"}],"curies":[{"name":"wp","href":"https:\/\/api.w.org\/{rel}","templated":true}]}}