{"id":1209,"date":"2019-09-09T10:40:28","date_gmt":"2019-09-09T08:40:28","guid":{"rendered":"http:\/\/www.dahms-projekt.de\/wordpress\/?p=1209"},"modified":"2019-09-09T10:40:28","modified_gmt":"2019-09-09T08:40:28","slug":"premiere-la-forza-del-destino","status":"publish","type":"post","link":"https:\/\/www.dahms-projekt.de\/wordpress\/2019\/09\/09\/premiere-la-forza-del-destino\/","title":{"rendered":"PREMIERE &#8222;La forza del destino&#8220;"},"content":{"rendered":"<p><strong>Besuch<\/strong> am 8. September 2019 in der <strong>Deutschen Oper Berlin<\/strong><!--more--><\/p>\n<p>Von<strong> Giuseppe Verdi<\/strong> (1813-1901)<br \/>\n[<strong>Die Macht des Schicksals<\/strong>]<\/p>\n<p><strong>Melodramma in vier Akten<\/strong><br \/>\n<strong>Libretto<\/strong> von Francesco Maria Piave &#8211; Textliche Neufassung von Antonio Ghislanzoni<br \/>\n<strong>Urauff\u00fchrung:<\/strong> 10. [22.] November 1862 in<strong> St. Petersburg<\/strong><br \/>\n<strong>Premiere<\/strong> am So 08.09.2019 in der <strong>Deutschen Oper Berlin<\/strong><\/p>\n<p><strong>Musikalische Leitung<\/strong> Jordi Bern\u00e0cer<br \/>\n<strong>Inszenierung<\/strong> Frank Castorf<br \/>\n<strong>B\u00fchne<\/strong> Aleksandar Denic<br \/>\n<strong>Kost\u00fcme<\/strong> Adriana Braga Peretzki<br \/>\n<strong>Licht<\/strong> Lothar Baumgarte<br \/>\n<strong>Video-Design und Live-Kamera<\/strong> Maryvonne Riedelsheimer Andreas Deinert Kathrin Krottenthaler<br \/>\n<strong>Ch\u00f6re<\/strong> Jeremy Bines<br \/>\n<strong>Dramaturgie<\/strong> J\u00f6rg K\u00f6nigsdorf<\/p>\n<p><strong>Mit:<\/strong><br \/>\n<strong>Der Marchese von Calatrava<\/strong> Stephen Bronk<br \/>\n<strong>Donna Leonora<\/strong> Mar\u00eda Jos\u00e9 Siri<br \/>\n<strong>Don Carlo di Vargas<\/strong> Markus Br\u00fcck<br \/>\n<strong>Don Alvaro<\/strong> Russell Thomas<br \/>\nPreziosilla Agunda Kulaeva<br \/>\nPater Guardian Marko Mimica<br \/>\nFra Melitone Misha Kiria<br \/>\nCurra Amber Fasquelle<br \/>\nDer Alkalde Padraic Rowan<br \/>\nMastro Trabuco Michael Kim<br \/>\nChirurgus Timothy Newton<br \/>\nDer Indio Ronni Maciel<br \/>\n<strong>Ch\u00f6re<\/strong> Chor der Deutschen Oper Berlin<br \/>\n<strong>Orchester<\/strong> Orchester der Deutschen Oper Berlin<\/p>\n<hr \/>\n<p>&#8222;Als erste \u201emoderne\u201c Oper, die aus Ideen und nicht aus einzelnen Nummern best\u00fcnde, ordnete Giuseppe Verdi selbst seine 1862 uraufgef\u00fchrte FORZA DEL DESTINO ein. Tats\u00e4chlich bezieht das gesamte Werk seine Antriebskraft aus der Polarit\u00e4t zweier entgegengesetzter Gef\u00fchlswelten, die die Hauptfiguren geradezu obsessiv beherrschen: Auf der einen Seite die vermeintliche Schuld am Tode von Leonoras Vater, die auf ihr und ihrem Geliebten Alvaro lastet. Auf der anderen Seite der Rachedurst, der Leonoras Bruder Carlo dazu treibt, die beiden \u00fcber alle Grenzen hinweg zu verfolgen.[&#8230;] &#8220;<br \/>\n[<strong>Deutsche Oper Berlin<\/strong>]<\/p>\n<hr \/>\n<p><strong>Besuchsbericht:<\/strong><\/p>\n<p>Verdi hat Schuld. Weil er in seiner \u201eMacht des Schicksals\u201c viele Zusammenh\u00e4nge offen l\u00e4sst, weil er starke Charaktere entwickelt, die sich durch den Bezug auf Kirche, Schicksal und Bestimmung auch in eine alternative Richtung manipulieren lassen, so kann ein Former, wie es ein Regisseur ist, seine eigenen Vorstellungen, Erfahrungen und Ziele als Alternativen einbinden oder auch die vorgefundenen \u00fcberzeichnen, um sein Weltbild zu demonstrieren.<br \/>\nFrank Castorf hat diese Gelegenheit ergriffen, er provoziert, das kann er, das hat er in den Jahren der Volksb\u00fchnen ausgelebt. Einige seiner Anh\u00e4nger hat es nat\u00fcrlich in die Deutsche Oper gezogen, um hier weiterhin ihre Sympathien und seine Ideen zu goutieren und lautstark zu unterst\u00fctzen. Hier treffen sie dann auf die traditionellen Opernbesucher, die eigentlich von der Musik und den Bildern einer \u201eVerdi-Oper\u201c eine feste Vorstellung haben.<br \/>\nDa haben wir es wieder, das ist die Melange, die Opernskandale produzieren kann. Nicht, dass die \u201eVerdi-Freunde\u201c nicht auf ihre Kosten kommen, die Chorszenen und die S\u00e4nger erf\u00fcllen ihre Erwartungen, wie sie es von einer Auff\u00fchrung erwarten. Der Chor der Deutschen Oper unter Jeremy Bines und Maria Jos\u00e9 Siri als Donna Leonora, Markus Br\u00fcck als Don Carlo de Vargas und Russel Thomas als Don Alvaro, wie auch die weiteren Rollen waren gut besetzt und wurden auch mit Zwischenapplaus begeistert bedacht.<\/p>\n<figure id=\"attachment_1211\" aria-describedby=\"caption-attachment-1211\" style=\"width: 620px\" class=\"wp-caption aligncenter\"><img loading=\"lazy\" decoding=\"async\" class=\"size-full wp-image-1211\" src=\"https:\/\/www.dahms-projekt.de\/wordpress\/wp-content\/uploads\/2019\/09\/forza4_BronkMaciel_620x380.jpg\" alt=\"\" width=\"620\" height=\"380\" srcset=\"https:\/\/www.dahms-projekt.de\/wordpress\/wp-content\/uploads\/2019\/09\/forza4_BronkMaciel_620x380.jpg 620w, https:\/\/www.dahms-projekt.de\/wordpress\/wp-content\/uploads\/2019\/09\/forza4_BronkMaciel_620x380-150x92.jpg 150w, https:\/\/www.dahms-projekt.de\/wordpress\/wp-content\/uploads\/2019\/09\/forza4_BronkMaciel_620x380-300x184.jpg 300w\" sizes=\"auto, (max-width: 620px) 100vw, 620px\" \/><figcaption id=\"caption-attachment-1211\" class=\"wp-caption-text\"><strong>Foto<\/strong> \u00a9 Bronk Maciel<\/figcaption><\/figure>\n<p>Das B\u00fchnenbild und die Ausstattung sind zwar nicht so, wie man es von dieser Oper erwartet h\u00e4tte, aber der Zeitgeschmack hat sich gewandelt und die vielf\u00e4ltigen Techniken m\u00fcssen ja auch demonstriert werden. Das f\u00fchrte in diesem Fall jedoch dazu, dass nicht so ganz schl\u00fcssige Konzept Verdis noch weiter verkompliziert wurde und die \u00dcbersicht \u00fcber die Handlung stellenweise verloren ging.<br \/>\nDen Tumult und der darauf folgende Abbruch der Auff\u00fchrung war dann den \u201epers\u00f6nlichen Einf\u00fcgungen\u201c des Regisseurs geschuldet, die sich dann doch zu weit f\u00fcr Teile des Publikums von Verdi entfernten und der passende Zwischenrauf war dann \u201ewir wollen wieder Verdi h\u00f6ren\u201c provozierte.<\/p>\n<figure id=\"attachment_1213\" aria-describedby=\"caption-attachment-1213\" style=\"width: 620px\" class=\"wp-caption aligncenter\"><img loading=\"lazy\" decoding=\"async\" class=\"wp-image-1213 size-full\" src=\"https:\/\/www.dahms-projekt.de\/wordpress\/wp-content\/uploads\/2019\/09\/forza4_ThomasBrueck_620x380.jpg\" alt=\"\" width=\"620\" height=\"380\" srcset=\"https:\/\/www.dahms-projekt.de\/wordpress\/wp-content\/uploads\/2019\/09\/forza4_ThomasBrueck_620x380.jpg 620w, https:\/\/www.dahms-projekt.de\/wordpress\/wp-content\/uploads\/2019\/09\/forza4_ThomasBrueck_620x380-150x92.jpg 150w, https:\/\/www.dahms-projekt.de\/wordpress\/wp-content\/uploads\/2019\/09\/forza4_ThomasBrueck_620x380-300x184.jpg 300w\" sizes=\"auto, (max-width: 620px) 100vw, 620px\" \/><figcaption id=\"caption-attachment-1213\" class=\"wp-caption-text\"><strong>Foto<\/strong> \u00a9 ThomasBrueck<\/figcaption><\/figure>\n<p>Nachdem sich wieder alles beruhigte, konnte die Vorstellung weitergehen und f\u00fchrte zu einem begeisterten Applaus f\u00fcr die Solisten, den Chor und den Dirigenten f\u00fcr das Orchester. Der zum Schluss hinzukommende Regisseur wurde leidenschaftlich ausgebuht und von seinen Anh\u00e4nger mit begeisterten Rufen bedacht. Alles klar, so ist es Frank Castorf ja gew\u00f6hnt, das hatte er erwartet und provoziert und alle waren zufrieden.<\/p>\n<p><strong>Peter Dahms<\/strong> [OpernInfo-Berlin.de]<\/p>\n<hr \/>\n<p><b>Foto: <\/b>\u00a9 Bronk Maciel \/ ThomasBrueck<\/p>\n","protected":false},"excerpt":{"rendered":"<p>Besuch am 8. September 2019 in der Deutschen Oper Berlin<\/p>\n","protected":false},"author":1,"featured_media":1215,"comment_status":"closed","ping_status":"closed","sticky":false,"template":"","format":"standard","meta":{"footnotes":""},"categories":[5,4],"tags":[],"class_list":["post-1209","post","type-post","status-publish","format-standard","has-post-thumbnail","hentry","category-opernbesuche","category-termine"],"_links":{"self":[{"href":"https:\/\/www.dahms-projekt.de\/wordpress\/wp-json\/wp\/v2\/posts\/1209","targetHints":{"allow":["GET"]}}],"collection":[{"href":"https:\/\/www.dahms-projekt.de\/wordpress\/wp-json\/wp\/v2\/posts"}],"about":[{"href":"https:\/\/www.dahms-projekt.de\/wordpress\/wp-json\/wp\/v2\/types\/post"}],"author":[{"embeddable":true,"href":"https:\/\/www.dahms-projekt.de\/wordpress\/wp-json\/wp\/v2\/users\/1"}],"replies":[{"embeddable":true,"href":"https:\/\/www.dahms-projekt.de\/wordpress\/wp-json\/wp\/v2\/comments?post=1209"}],"version-history":[{"count":2,"href":"https:\/\/www.dahms-projekt.de\/wordpress\/wp-json\/wp\/v2\/posts\/1209\/revisions"}],"predecessor-version":[{"id":1216,"href":"https:\/\/www.dahms-projekt.de\/wordpress\/wp-json\/wp\/v2\/posts\/1209\/revisions\/1216"}],"wp:featuredmedia":[{"embeddable":true,"href":"https:\/\/www.dahms-projekt.de\/wordpress\/wp-json\/wp\/v2\/media\/1215"}],"wp:attachment":[{"href":"https:\/\/www.dahms-projekt.de\/wordpress\/wp-json\/wp\/v2\/media?parent=1209"}],"wp:term":[{"taxonomy":"category","embeddable":true,"href":"https:\/\/www.dahms-projekt.de\/wordpress\/wp-json\/wp\/v2\/categories?post=1209"},{"taxonomy":"post_tag","embeddable":true,"href":"https:\/\/www.dahms-projekt.de\/wordpress\/wp-json\/wp\/v2\/tags?post=1209"}],"curies":[{"name":"wp","href":"https:\/\/api.w.org\/{rel}","templated":true}]}}