{"id":1200,"date":"2019-09-07T10:34:03","date_gmt":"2019-09-07T08:34:03","guid":{"rendered":"http:\/\/www.dahms-projekt.de\/wordpress\/?p=1200"},"modified":"2019-09-10T08:35:14","modified_gmt":"2019-09-10T06:35:14","slug":"ppremiere-plateau-effect-vom-staatsballett-berlin","status":"publish","type":"post","link":"https:\/\/www.dahms-projekt.de\/wordpress\/2019\/09\/07\/ppremiere-plateau-effect-vom-staatsballett-berlin\/","title":{"rendered":"PREMIERE &#8222;Plateau Effect&#8220; vom Staatsballett Berlin"},"content":{"rendered":"<p><strong>Besuch<\/strong> am 6. September 2019 in der Komischen Oper Berlin<!--more--><\/p>\n<p><strong>Choreographie<\/strong>: Jefta van Dinther &#8211;<br \/>\n<strong>Sounddesign:<\/strong> David Kiers &#8211;<br \/>\n<strong>B\u00fchne:<\/strong> SIMKA &#8211;<br \/>\n<strong>Licht:<\/strong> Minna Tiikkainen &#8211;<br \/>\n<strong>Einstudierung:<\/strong> Thomas Zamolo &#8211;<br \/>\n<strong>Choreographische Assistenz:<\/strong> Thiago Granato &#8211;<\/p>\n<p><strong>Besetzung:<\/strong><br \/>\nJenna Fakhoury &#8211; Yi Chi Lee &#8211; Vladislav Marinov &#8211; Ross Martinson &#8211; Johnny McMillian Dana Pajarillaga &#8211; Tara Samaya &#8211; Harumi Terayama &#8211; Paul Vickers &#8211; Lucio Vidal<\/p>\n<hr \/>\n<p>&#8222;In Jefta van Dinthers Plateau Effect gleichen die T\u00e4nzerinnen und T\u00e4nzer einer Gemeinschaft, die in fortw\u00e4hrendem und rastlosem Wandel wechselnde Terrains in stetiger Bewegung durchwandert. T\u00e4tigkeiten wie Kommunizieren, Transportieren, Konstruieren und Bewohnen werden zu Choreographie, wenn sie als gemeinsames Handeln dargestellt werden; keine dieser Aktionen ist einer einzigen Person allein m\u00f6glich.[&#8230;]&#8220;<br \/>\n<strong>[Staatsballett Berlin]<\/strong><\/p>\n<hr \/>\n<p><strong>Besuchsbericht:<\/strong><\/p>\n<p>Diese erste Premiere der Saison 2019\/2020 steht unter dem Zeichen der Doppelintendanz von Sasha Waltz und Johannes \u00d6hmann. Sie zeigt damit auch die Umsetzung der Vision f\u00fcr die Zukunft des Staatsballetts Berlin, dem klassischen Ballett und dem Zeitgen\u00f6ssischen Tanz ein neues gemeinsames zuhause in Berlin zu geben.<br \/>\nDas Tanzst\u00fcck, wie der Choreograf es nennt, ist nicht neu f\u00fcr Berlin, die erste Auff\u00fchrung fand zum \u201eFestival Tanz im August 2014\u201c in der Volksb\u00fchne statt. Getanzt wurde es von T\u00e4nzern des Cullberg Ballett aus Stockholm. Da zeigen sich auch die k\u00fcnstlerischen Verbindungen zwischen Johannes \u00d6hmann und Jefta von Dinther. Vom Ansatz und dem Inhalt hat sich nicht viel ge\u00e4ndert, anstatt neun T\u00e4nzer vom Cullberg Balett sind es nun zehn vom Staatsballett Berlin.<\/p>\n<figure id=\"attachment_1202\" aria-describedby=\"caption-attachment-1202\" style=\"width: 620px\" class=\"wp-caption aligncenter\"><img loading=\"lazy\" decoding=\"async\" class=\"size-full wp-image-1202\" src=\"https:\/\/www.dahms-projekt.de\/wordpress\/wp-content\/uploads\/2019\/09\/Plateau_Effect_07_620x380.jpg\" alt=\"\" width=\"620\" height=\"380\" srcset=\"https:\/\/www.dahms-projekt.de\/wordpress\/wp-content\/uploads\/2019\/09\/Plateau_Effect_07_620x380.jpg 620w, https:\/\/www.dahms-projekt.de\/wordpress\/wp-content\/uploads\/2019\/09\/Plateau_Effect_07_620x380-150x92.jpg 150w, https:\/\/www.dahms-projekt.de\/wordpress\/wp-content\/uploads\/2019\/09\/Plateau_Effect_07_620x380-300x184.jpg 300w\" sizes=\"auto, (max-width: 620px) 100vw, 620px\" \/><figcaption id=\"caption-attachment-1202\" class=\"wp-caption-text\"><strong>Foto<\/strong> \u00a9 Jubal_Battisti<\/figcaption><\/figure>\n<p>Das Tanzst\u00fcck beginnt auf einer leeren B\u00fchne, der v\u00f6llig dominiert und ausgef\u00fcllt wird von einem grau\/wei\u00dfen Vorhang. Davor stehen in der Breite verteilt acht T\u00e4nzer, die sich aus der Ruhe immer heftiger bewegen und von einem treibenden, bedr\u00fcckenden Sound begleitet und angetrieben werden. Im Fortgang des St\u00fcckes wird der Vorhang immer mehr zum Objekt der Erz\u00e4hlung. Anfangs als eine Art Nebelwand erscheinend wird er von den nun zehn T\u00e4nzern immer mehr zum Hauptobjekt. Er wird verformt, es wird daran gezerrt und er wird aufgerollt, entfaltet und dann zum Segel eines obskuren Schiffes.<br \/>\nDer Choreograf will das Thema der Verstrickungen und der Einsamkeit des modernen Menschen thematisieren. Er zeigt den Einzelnen in seiner Eingebundenheit und Fesselung in der realen Welt und der Unf\u00e4higkeit gegen Zw\u00e4nge anzutreten und andererseits, wie diese Bedrohungen durch die Gemeinschaft mit seinen Mitmenschen ertragen oder auch beherrscht und kontrolliert werden k\u00f6nnen. Der Einzelne gilt nichts, die Gemeinschaft schafft Sicherheit und Kraft.<\/p>\n<figure id=\"attachment_1203\" aria-describedby=\"caption-attachment-1203\" style=\"width: 620px\" class=\"wp-caption aligncenter\"><img loading=\"lazy\" decoding=\"async\" class=\"size-full wp-image-1203\" src=\"https:\/\/www.dahms-projekt.de\/wordpress\/wp-content\/uploads\/2019\/09\/Plateau_Effect_04_620x380.jpg\" alt=\"\" width=\"620\" height=\"380\" srcset=\"https:\/\/www.dahms-projekt.de\/wordpress\/wp-content\/uploads\/2019\/09\/Plateau_Effect_04_620x380.jpg 620w, https:\/\/www.dahms-projekt.de\/wordpress\/wp-content\/uploads\/2019\/09\/Plateau_Effect_04_620x380-150x92.jpg 150w, https:\/\/www.dahms-projekt.de\/wordpress\/wp-content\/uploads\/2019\/09\/Plateau_Effect_04_620x380-300x184.jpg 300w\" sizes=\"auto, (max-width: 620px) 100vw, 620px\" \/><figcaption id=\"caption-attachment-1203\" class=\"wp-caption-text\"><strong>Foto<\/strong> \u00a9 Jubal_Battisti<\/figcaption><\/figure>\n<p>Vom Publikum wurde diese \u201ePremiere des neuen Balletttheaters\u201c gemischt aufgenommen, grenzenlos begeistert vom \u201eTanz\u201cpublikum und \u00fcberrascht und nachdenklich vom \u201eBallett\u201cpublikum. Es scheint da auch den Unterschied in den Generationen zu geben. Vielleicht l\u00f6st sich das auf in den kommenden Auff\u00fchrungen und Premieren. Diese Premiere war auf jeden Fall ein interessanter Auftakt zur Saison.<\/p>\n<p><strong>Peter Dahms<\/strong> [TanzInfo-Berlin.de]<\/p>\n<hr \/>\n<p><strong>Alle Fotos<\/strong> \u00a9 Jubal_Battisti<\/p>\n","protected":false},"excerpt":{"rendered":"<p>Besuch am 6. September 2019 in der Komischen Oper Berlin<\/p>\n","protected":false},"author":1,"featured_media":1201,"comment_status":"closed","ping_status":"closed","sticky":false,"template":"","format":"standard","meta":{"footnotes":""},"categories":[6,4],"tags":[],"class_list":["post-1200","post","type-post","status-publish","format-standard","has-post-thumbnail","hentry","category-besuchetanz","category-termine"],"_links":{"self":[{"href":"https:\/\/www.dahms-projekt.de\/wordpress\/wp-json\/wp\/v2\/posts\/1200","targetHints":{"allow":["GET"]}}],"collection":[{"href":"https:\/\/www.dahms-projekt.de\/wordpress\/wp-json\/wp\/v2\/posts"}],"about":[{"href":"https:\/\/www.dahms-projekt.de\/wordpress\/wp-json\/wp\/v2\/types\/post"}],"author":[{"embeddable":true,"href":"https:\/\/www.dahms-projekt.de\/wordpress\/wp-json\/wp\/v2\/users\/1"}],"replies":[{"embeddable":true,"href":"https:\/\/www.dahms-projekt.de\/wordpress\/wp-json\/wp\/v2\/comments?post=1200"}],"version-history":[{"count":6,"href":"https:\/\/www.dahms-projekt.de\/wordpress\/wp-json\/wp\/v2\/posts\/1200\/revisions"}],"predecessor-version":[{"id":1217,"href":"https:\/\/www.dahms-projekt.de\/wordpress\/wp-json\/wp\/v2\/posts\/1200\/revisions\/1217"}],"wp:featuredmedia":[{"embeddable":true,"href":"https:\/\/www.dahms-projekt.de\/wordpress\/wp-json\/wp\/v2\/media\/1201"}],"wp:attachment":[{"href":"https:\/\/www.dahms-projekt.de\/wordpress\/wp-json\/wp\/v2\/media?parent=1200"}],"wp:term":[{"taxonomy":"category","embeddable":true,"href":"https:\/\/www.dahms-projekt.de\/wordpress\/wp-json\/wp\/v2\/categories?post=1200"},{"taxonomy":"post_tag","embeddable":true,"href":"https:\/\/www.dahms-projekt.de\/wordpress\/wp-json\/wp\/v2\/tags?post=1200"}],"curies":[{"name":"wp","href":"https:\/\/api.w.org\/{rel}","templated":true}]}}