{"id":1193,"date":"2019-08-24T19:05:34","date_gmt":"2019-08-24T17:05:34","guid":{"rendered":"http:\/\/www.dahms-projekt.de\/wordpress\/?p=1193"},"modified":"2019-08-24T19:05:34","modified_gmt":"2019-08-24T17:05:34","slug":"ccn-ballet-de-lorraine-rainforest-sounddance","status":"publish","type":"post","link":"https:\/\/www.dahms-projekt.de\/wordpress\/2019\/08\/24\/ccn-ballet-de-lorraine-rainforest-sounddance\/","title":{"rendered":"CCN &#8211; Ballet de Lorraine &#8222;RainForest&#8220; \/ &#8222;Sounddance&#8220;"},"content":{"rendered":"<p><strong>Besuch<\/strong> am 23. August 2019 in der<strong> Volksb\u00fchne<\/strong> am Rosa-Luxemburg Platz &#8211;<\/p>\n<p>im Festival \u201e31. Tanz im August 2019&#8243;\u00a0 &#8211; <strong>Deutschlandpremiere<\/strong><br \/>\n<!--more--><\/p>\n<p>&#8222;Zu seinem 100. Geburtstag im Jahr 2019 feiert Tanz im August den US-amerikanischen Choreografen Merce Cunningham. Er sagte \u00fcber sich selbst, er sei nicht zum T\u00e4nzer geworden &#8211; sondern immer schon T\u00e4nzer gewesen. 1942zeigten er und John Cage in New York ihre erste Zusammenarbeit. Im Laufe seiner langen Karriere schuf Cunningham in Kollaboration u.a. mit Cage und Robert Rauschenberg nahezu 200 Werke, die den Tanz umfassend erneuerten: [&#8230;]&#8220; [aus <b>PROGRAMM TiA<\/b>]<\/p>\n<hr \/>\n<figure id=\"attachment_1196\" aria-describedby=\"caption-attachment-1196\" style=\"width: 620px\" class=\"wp-caption aligncenter\"><img loading=\"lazy\" decoding=\"async\" class=\"size-full wp-image-1196\" src=\"https:\/\/www.dahms-projekt.de\/wordpress\/wp-content\/uploads\/2019\/08\/RainForest_620x280.jpg\" alt=\"\" width=\"620\" height=\"280\" srcset=\"https:\/\/www.dahms-projekt.de\/wordpress\/wp-content\/uploads\/2019\/08\/RainForest_620x280.jpg 620w, https:\/\/www.dahms-projekt.de\/wordpress\/wp-content\/uploads\/2019\/08\/RainForest_620x280-150x68.jpg 150w, https:\/\/www.dahms-projekt.de\/wordpress\/wp-content\/uploads\/2019\/08\/RainForest_620x280-300x135.jpg 300w\" sizes=\"auto, (max-width: 620px) 100vw, 620px\" \/><figcaption id=\"caption-attachment-1196\" class=\"wp-caption-text\">Fotos \u00a9 Laurent_Philippe<\/figcaption><\/figure>\n<p><b>RainForest<\/b><br \/>\nChoreografie Merce Cunningham<\/p>\n<p>&#8222;Unter und zwischen den Silberwolken von Andy Warhol agieren die T\u00e4nzer*innen des Ballet de Lorraine in &#8222;Rainl-orest&#8220; [1968] als anmutige Zwitterwesen aus Mensch und Tier. Cunningham, nahe der Regenw\u00e4lder im Staat Washington aufgewachs( \u00fcbersetzt sie hier in kleine Gesten, gro\u00dfe Spr\u00fcnge und Bewegungen am Boden, eine<br \/>\nkonzentrierte, gelassene Welt.&#8220;<\/p>\n<p><b>Mit am 23.8<\/b>. Angela Falk, Margaux Laurence, Elsa Raymond, Alexis Bourbeau, Tristan Ihne, Luc Verbitzky<\/p>\n<hr \/>\n<figure id=\"attachment_1197\" aria-describedby=\"caption-attachment-1197\" style=\"width: 620px\" class=\"wp-caption aligncenter\"><img loading=\"lazy\" decoding=\"async\" class=\"size-full wp-image-1197\" src=\"https:\/\/www.dahms-projekt.de\/wordpress\/wp-content\/uploads\/2019\/08\/Sounddance_620x280.jpg\" alt=\"\" width=\"620\" height=\"280\" srcset=\"https:\/\/www.dahms-projekt.de\/wordpress\/wp-content\/uploads\/2019\/08\/Sounddance_620x280.jpg 620w, https:\/\/www.dahms-projekt.de\/wordpress\/wp-content\/uploads\/2019\/08\/Sounddance_620x280-150x68.jpg 150w, https:\/\/www.dahms-projekt.de\/wordpress\/wp-content\/uploads\/2019\/08\/Sounddance_620x280-300x135.jpg 300w\" sizes=\"auto, (max-width: 620px) 100vw, 620px\" \/><figcaption id=\"caption-attachment-1197\" class=\"wp-caption-text\">Fotos \u00a9 Laurent_Philippe<\/figcaption><\/figure>\n<p><b>Sounddance<\/b><br \/>\nChoreografie Merce Cunningham<\/p>\n<p>&#8222;Mit einer anderen Energie kommt &#8222;Sounddance&#8216; daher: Cunningham schuf es 1975 nach seiner &#8211; durchaus konfliktreichen &#8211; Zusammenarbeit mit dem Ballet de lOpera de Paris. Es steht im Gegensatz zur Uniformit\u00e4t des Balletts: Vor einem elegant drapierten goldenen Vorhang entfaltet sich lust- und kraftvoll ein &#8218;organisiertes Chaos&#8216;, begleitet von David Tudors\u00a0 reibendem Sound.&#8220;<\/p>\n<p><b>Mit am 23.8<\/b>. lnes De&#8220;pauw, lnes Hadj-Rabah, Margaux Laurence, Valerie Ly-Cuong, Celine Schoefs, Alexis Bourbeau, Charles Dalerci, Nathan Gracia, Willem-Jan Sas, Luc Verbitzky<\/p>\n<hr \/>\n<p><strong>Besuchsbericht:<\/strong><\/p>\n<p>Die erste Choreografie <strong>&#8222;RainForest&#8220;<\/strong> wird begleitet von einem Sound, der an Tierstimmen erinnert, die man von Filmen aus tropischen Urw\u00e4ldern kennt. Der Tanz selbst ist ein Ablauf \u00fcberwiegend flie\u00dfender, verhaltener Bewegung und Figuren ohne hervorgehobene Spr\u00fcnge und sonstiger hektischer Sequenzen. Sie wird getanzt von sechs T\u00e4nzer*innen im Wechsel von Einzelnen und dann wieder von kleinen Gruppen.<br \/>\nVon der Decke des B\u00fchnenraumes h\u00e4ngen kissenartige Ballons mit metallisierter, stark reflektierender silbriger Oberfl\u00e4che. Einige dieser Gebilde floaten frei auf dem B\u00fchnenboden und werden auch schon mal beiseite gekickt, wenn sie im (Tanz)-Wege liegen.<br \/>\nDie ganze Choreografie macht einen harmonisch flie\u00dfenden Eindruck ohne besondere H\u00f6hepunkte. Der Beifall des Publikums ist wie immer begeistert, mehrere Auftritte zum Ende der Vorf\u00fchrung.<\/p>\n<p>Die zweite Choreografie <strong>&#8222;Sounddance&#8220;<\/strong> macht dagegen einen ausgesprochen eleganteren geschlossenen Eindruck als die erste. Vor einer Wand von goldenen Pl\u00fcschvorh\u00e4ngen tanzen zehn T\u00e4nzer*innen im schnellen Wechsel von kleinere und gr\u00f6\u00dferen Gruppen harmonische Bilder zu einer stark rhythmischen Soundbegleitung. Die Wechsel folgen aufeinander schnell und ohne Zwischenpausen, eben im fliegenden Wechsel. Die einzelnen Akteure treten auf durch einen Durchgang der mit einem Vorhang verdeckt ist in der Mitte der B\u00fchnendekoration. Sie treten dort dann auch wieder ab. Der Beifall erscheint mir lebhafter und andauernder als der zur ersten Choreografie, dieses St\u00fcck ist damit beim Publikum im Vergleich besser angekommen.<\/p>\n<p><strong>Peter Dahms<\/strong> [TanzInfo-Berlin.de]<\/p>\n<hr \/>\n<p><strong>Fotos<\/strong> \u00a9 Laurent_Philippe<\/p>\n<p><strong>Das ganze Programm unter<\/strong> : <a href=\"http:\/\/www.tanzimaugust.de\">www.tanzimaugust.de<\/a><\/p>\n","protected":false},"excerpt":{"rendered":"<p>Besuch am 23. August 2019 in der Volksb\u00fchne am Rosa-Luxemburg Platz &#8211; im Festival \u201e31. Tanz im August 2019&#8243;\u00a0 &#8211; Deutschlandpremiere<\/p>\n","protected":false},"author":1,"featured_media":1195,"comment_status":"closed","ping_status":"closed","sticky":false,"template":"","format":"standard","meta":{"footnotes":""},"categories":[6,4],"tags":[],"class_list":["post-1193","post","type-post","status-publish","format-standard","has-post-thumbnail","hentry","category-besuchetanz","category-termine"],"_links":{"self":[{"href":"https:\/\/www.dahms-projekt.de\/wordpress\/wp-json\/wp\/v2\/posts\/1193","targetHints":{"allow":["GET"]}}],"collection":[{"href":"https:\/\/www.dahms-projekt.de\/wordpress\/wp-json\/wp\/v2\/posts"}],"about":[{"href":"https:\/\/www.dahms-projekt.de\/wordpress\/wp-json\/wp\/v2\/types\/post"}],"author":[{"embeddable":true,"href":"https:\/\/www.dahms-projekt.de\/wordpress\/wp-json\/wp\/v2\/users\/1"}],"replies":[{"embeddable":true,"href":"https:\/\/www.dahms-projekt.de\/wordpress\/wp-json\/wp\/v2\/comments?post=1193"}],"version-history":[{"count":2,"href":"https:\/\/www.dahms-projekt.de\/wordpress\/wp-json\/wp\/v2\/posts\/1193\/revisions"}],"predecessor-version":[{"id":1198,"href":"https:\/\/www.dahms-projekt.de\/wordpress\/wp-json\/wp\/v2\/posts\/1193\/revisions\/1198"}],"wp:featuredmedia":[{"embeddable":true,"href":"https:\/\/www.dahms-projekt.de\/wordpress\/wp-json\/wp\/v2\/media\/1195"}],"wp:attachment":[{"href":"https:\/\/www.dahms-projekt.de\/wordpress\/wp-json\/wp\/v2\/media?parent=1193"}],"wp:term":[{"taxonomy":"category","embeddable":true,"href":"https:\/\/www.dahms-projekt.de\/wordpress\/wp-json\/wp\/v2\/categories?post=1193"},{"taxonomy":"post_tag","embeddable":true,"href":"https:\/\/www.dahms-projekt.de\/wordpress\/wp-json\/wp\/v2\/tags?post=1193"}],"curies":[{"name":"wp","href":"https:\/\/api.w.org\/{rel}","templated":true}]}}