{"id":1187,"date":"2019-08-23T14:28:07","date_gmt":"2019-08-23T12:28:07","guid":{"rendered":"http:\/\/www.dahms-projekt.de\/wordpress\/?p=1187"},"modified":"2019-08-23T14:28:07","modified_gmt":"2019-08-23T12:28:07","slug":"ausstellung-was-der-koerper-erinnert","status":"publish","type":"post","link":"https:\/\/www.dahms-projekt.de\/wordpress\/2019\/08\/23\/ausstellung-was-der-koerper-erinnert\/","title":{"rendered":"Ausstellung &#8222;Was der K\u00f6rper erinnert&#8220;"},"content":{"rendered":"<div><b>\u201eWas der K\u00f6rper erinnert. Zur Aktualit\u00e4t des Tanzerbes\u201c<\/b><\/div>\n<div><b>Ausstellung in der Akademie der K\u00fcnste, Hanseatenweg<\/b><\/div>\n<div>\n<hr \/>\n<p><em><strong>Vorverkaufsstart und Programm der Veranstaltungsreihe<\/strong><\/em><br \/>\n<b>vom 24. August bis 21. September 2019, <\/b><\/p>\n<\/div>\n<p><!--more--><\/p>\n<div>\n<hr \/>\n<figure id=\"attachment_1189\" aria-describedby=\"caption-attachment-1189\" style=\"width: 620px\" class=\"wp-caption aligncenter\"><img loading=\"lazy\" decoding=\"async\" class=\"size-full wp-image-1189\" src=\"https:\/\/www.dahms-projekt.de\/wordpress\/wp-content\/uploads\/2019\/08\/DSC01723_Ausst_c_620x280.jpg\" alt=\"\" width=\"620\" height=\"280\" srcset=\"https:\/\/www.dahms-projekt.de\/wordpress\/wp-content\/uploads\/2019\/08\/DSC01723_Ausst_c_620x280.jpg 620w, https:\/\/www.dahms-projekt.de\/wordpress\/wp-content\/uploads\/2019\/08\/DSC01723_Ausst_c_620x280-150x68.jpg 150w, https:\/\/www.dahms-projekt.de\/wordpress\/wp-content\/uploads\/2019\/08\/DSC01723_Ausst_c_620x280-300x135.jpg 300w\" sizes=\"auto, (max-width: 620px) 100vw, 620px\" \/><figcaption id=\"caption-attachment-1189\" class=\"wp-caption-text\"><strong>Foto:<\/strong> (c) DP<\/figcaption><\/figure>\n<p>&#8222;Die einmonatige Veranstaltungsreihe der Akademie der K\u00fcnste umfasst eine Ausstellung zur Tanzgeschichte des 20. Jahrhunderts mit Archivalien, ikonischen Fotografien und Filmausschnitten sowie Auff\u00fchrungen von mehr als zwanzig aktuellen Tanzproduktionen, die das Erbe der Tanzmoderne zeitgen\u00f6ssisch fortschreiben. Der Vorverkauf startet ab sofort. Tickets k\u00f6nnen online, an den Empf\u00e4ngen der beiden Akademie-Standorte sowie an den bekannten Vorverkaufsstellen erworben werden.&#8220;<\/p>\n<figure id=\"attachment_1190\" aria-describedby=\"caption-attachment-1190\" style=\"width: 620px\" class=\"wp-caption aligncenter\"><img loading=\"lazy\" decoding=\"async\" class=\"size-full wp-image-1190\" src=\"https:\/\/www.dahms-projekt.de\/wordpress\/wp-content\/uploads\/2019\/08\/DSC01722_Ausst_620x380.jpg\" alt=\"\" width=\"620\" height=\"380\" srcset=\"https:\/\/www.dahms-projekt.de\/wordpress\/wp-content\/uploads\/2019\/08\/DSC01722_Ausst_620x380.jpg 620w, https:\/\/www.dahms-projekt.de\/wordpress\/wp-content\/uploads\/2019\/08\/DSC01722_Ausst_620x380-150x92.jpg 150w, https:\/\/www.dahms-projekt.de\/wordpress\/wp-content\/uploads\/2019\/08\/DSC01722_Ausst_620x380-300x184.jpg 300w\" sizes=\"auto, (max-width: 620px) 100vw, 620px\" \/><figcaption id=\"caption-attachment-1190\" class=\"wp-caption-text\"><strong>Foto<\/strong> (c) DP<\/figcaption><\/figure>\n<\/div>\n<div>\n<hr \/>\n<\/div>\n<div><b>Was der K\u00f6rper erinnert. Zur Aktualit\u00e4t des Tanzerbes<br \/>\nAusstellung, Auff\u00fchrungen, Diskurse<\/b><\/div>\n<div><b><\/b><br \/>\n<b>Ausstellungser\u00f6ffnung<\/b> <b>\u201eDas Jahrhundert des Tanzes\u201c<\/b>: Samstag, 24.8., 18 Uhr &#8211;<br \/>\n25. August bis 21. September 2019, t\u00e4glich 15 \u2013 22 Uhr, \u20ac 8\/5<\/div>\n<div><\/div>\n<div><b>Akademie der K\u00fcnste,<\/b> Hanseatenweg 10, 10557 Berlin<br \/>\nTickets: Tel. 030 20057-2000, ticket@adk.de, www.adk.de\/tickets<\/div>\n<div><\/div>\n<div><strong>Das Programm ist online unter<\/strong> :<\/div>\n<div><a href=\"http:\/\/www.adk.de\/tanzerbe\">www.adk.de\/tanzerbe<\/a><\/div>\n","protected":false},"excerpt":{"rendered":"<p>\u201eWas der K\u00f6rper erinnert. Zur Aktualit\u00e4t des Tanzerbes\u201c Ausstellung in der Akademie der K\u00fcnste, Hanseatenweg Vorverkaufsstart und Programm der Veranstaltungsreihe vom 24. August bis 21. September 2019,<\/p>\n","protected":false},"author":1,"featured_media":1188,"comment_status":"closed","ping_status":"closed","sticky":false,"template":"","format":"standard","meta":{"footnotes":""},"categories":[8,4],"tags":[],"class_list":["post-1187","post","type-post","status-publish","format-standard","has-post-thumbnail","hentry","category-ankuendigungen","category-termine"],"_links":{"self":[{"href":"https:\/\/www.dahms-projekt.de\/wordpress\/wp-json\/wp\/v2\/posts\/1187","targetHints":{"allow":["GET"]}}],"collection":[{"href":"https:\/\/www.dahms-projekt.de\/wordpress\/wp-json\/wp\/v2\/posts"}],"about":[{"href":"https:\/\/www.dahms-projekt.de\/wordpress\/wp-json\/wp\/v2\/types\/post"}],"author":[{"embeddable":true,"href":"https:\/\/www.dahms-projekt.de\/wordpress\/wp-json\/wp\/v2\/users\/1"}],"replies":[{"embeddable":true,"href":"https:\/\/www.dahms-projekt.de\/wordpress\/wp-json\/wp\/v2\/comments?post=1187"}],"version-history":[{"count":2,"href":"https:\/\/www.dahms-projekt.de\/wordpress\/wp-json\/wp\/v2\/posts\/1187\/revisions"}],"predecessor-version":[{"id":1192,"href":"https:\/\/www.dahms-projekt.de\/wordpress\/wp-json\/wp\/v2\/posts\/1187\/revisions\/1192"}],"wp:featuredmedia":[{"embeddable":true,"href":"https:\/\/www.dahms-projekt.de\/wordpress\/wp-json\/wp\/v2\/media\/1188"}],"wp:attachment":[{"href":"https:\/\/www.dahms-projekt.de\/wordpress\/wp-json\/wp\/v2\/media?parent=1187"}],"wp:term":[{"taxonomy":"category","embeddable":true,"href":"https:\/\/www.dahms-projekt.de\/wordpress\/wp-json\/wp\/v2\/categories?post=1187"},{"taxonomy":"post_tag","embeddable":true,"href":"https:\/\/www.dahms-projekt.de\/wordpress\/wp-json\/wp\/v2\/tags?post=1187"}],"curies":[{"name":"wp","href":"https:\/\/api.w.org\/{rel}","templated":true}]}}