{"id":1181,"date":"2019-08-23T09:51:48","date_gmt":"2019-08-23T07:51:48","guid":{"rendered":"http:\/\/www.dahms-projekt.de\/wordpress\/?p=1181"},"modified":"2019-08-23T09:51:48","modified_gmt":"2019-08-23T07:51:48","slug":"ambiguous-dance-company-body-concert","status":"publish","type":"post","link":"https:\/\/www.dahms-projekt.de\/wordpress\/2019\/08\/23\/ambiguous-dance-company-body-concert\/","title":{"rendered":"Ambiguous Dance Company &#8211; &#8222;Body Concert&#8220;"},"content":{"rendered":"<p><strong>Besuch<\/strong> am 23. August 2019 im <strong>HAU1<\/strong> &#8211; im Festival \u201e31. Tanz im August 2019\u201c &#8211;<br \/>\n<strong>Deutschlandpremiere<\/strong><!--more--><\/p>\n<p><strong> Choreografie Boram KIM<\/strong><\/p>\n<p><strong>Mit<\/strong> Boram KIM, Kyeong-min JANG, Kyoung-Hoon CHOI, Hye-sang LEE, Jae-Hee SHIN, Daun JIN, Jun-Hong CHO &#8211;<br \/>\n<strong>Inspizienz<\/strong> Yochan KIM &#8211;<br \/>\n<strong>Licht<\/strong> Dae-doo BAE &#8211;<br \/>\n<strong>Sound<\/strong> Hyung-Rok AN<\/p>\n<hr \/>\n<p>&#8222;Mit Tempo, Witz und Virtuosit\u00e4t versammelt \u201cBody Concert\u201d verschiedene Tanzstile und choreografische Klisch\u00e9es. Es ist ein Konzert der K\u00f6rper, die von Licht, Musik und Kost\u00fcmen umspielt werden, ein rauschendes Fest zu Musik von Barock bis Pop. Der Choreograf Boram Kim gr\u00fcndete die Kompanie 2007, um dem Rhythmus der Dinge auf den Grund zu gehen \u2013 und um seine Idee zu erforschen, dass menschliche Wesen ihr Leben so f\u00fchren sollten, als w\u00fcrden sie tanzen. With tempo, wit and virtuosity, \u201cBody Concert\u201d presents different dance styles and choreographic clich\u00e9s. It is a concert of bodies swathed in light, music and costumes, a lavish celebration of movement, to music from Baroque to Pop. The choreographer Boram Kim founded the company in 2007 to research into the rhythm of things \u2013 and to explore his idea that human beings should live their lives as if they were dancing&#8220;<br \/>\n[<strong>aus Programmheft<\/strong>]<\/p>\n<figure id=\"attachment_1183\" aria-describedby=\"caption-attachment-1183\" style=\"width: 620px\" class=\"wp-caption aligncenter\"><img loading=\"lazy\" decoding=\"async\" class=\"size-full wp-image-1183\" src=\"https:\/\/www.dahms-projekt.de\/wordpress\/wp-content\/uploads\/2019\/08\/Ambiguous_1_620x280.jpg\" alt=\"\" width=\"620\" height=\"380\" srcset=\"https:\/\/www.dahms-projekt.de\/wordpress\/wp-content\/uploads\/2019\/08\/Ambiguous_1_620x280.jpg 620w, https:\/\/www.dahms-projekt.de\/wordpress\/wp-content\/uploads\/2019\/08\/Ambiguous_1_620x280-150x92.jpg 150w, https:\/\/www.dahms-projekt.de\/wordpress\/wp-content\/uploads\/2019\/08\/Ambiguous_1_620x280-300x184.jpg 300w\" sizes=\"auto, (max-width: 620px) 100vw, 620px\" \/><figcaption id=\"caption-attachment-1183\" class=\"wp-caption-text\"><strong>Fotos<\/strong>: \u00a9 Sebastian_Marcovici<\/figcaption><\/figure>\n<hr \/>\n<p><strong>Besuchsbericht:<\/strong><\/p>\n<p>Die Show beginnt und endet im Zuschauerraum des HAU1. Die sieben Tanzer*innen posieren sich zwischen der B\u00fchne und der ersten Reihe des Theaters. Einer erscheint auch kurz im ersten Rang. Die Show beginnt. Nach der ersten Sequenz unter Begleitung durch einem dr\u00f6hnenden Sound, der den ganzen Theaterraum erf\u00fcllt versammeln sie sich auf der B\u00fchne zum Fortgang des Auftritts.<\/p>\n<figure id=\"attachment_1185\" aria-describedby=\"caption-attachment-1185\" style=\"width: 620px\" class=\"wp-caption aligncenter\"><img loading=\"lazy\" decoding=\"async\" class=\"wp-image-1185 size-full\" src=\"https:\/\/www.dahms-projekt.de\/wordpress\/wp-content\/uploads\/2019\/08\/Ambiguous__3_620x280.jpg\" alt=\"\" width=\"620\" height=\"380\" srcset=\"https:\/\/www.dahms-projekt.de\/wordpress\/wp-content\/uploads\/2019\/08\/Ambiguous__3_620x280.jpg 620w, https:\/\/www.dahms-projekt.de\/wordpress\/wp-content\/uploads\/2019\/08\/Ambiguous__3_620x280-150x92.jpg 150w, https:\/\/www.dahms-projekt.de\/wordpress\/wp-content\/uploads\/2019\/08\/Ambiguous__3_620x280-300x184.jpg 300w\" sizes=\"auto, (max-width: 620px) 100vw, 620px\" \/><figcaption id=\"caption-attachment-1185\" class=\"wp-caption-text\"><strong>Fotos:<\/strong> \u00a9 Sebastian_Marcovici<\/figcaption><\/figure>\n<p>Eine Szene folgt ohne Pause der n\u00e4chsten. Kraftvolle, blitzschnelle Bewegungen werden verbunden durch witzige Zwischenszenen. Die Choreografie folgt dem Konzept, Synchronit\u00e4t, schnelle Wechsel und Kontuinit\u00e4t der Figurenfolgen. Begleitet wird die Auff\u00fchrung durch elf Lieder. Dem Thema &#8222;Body Concert&#8220; folgend entstehen aus den Kl\u00e4ngen der Lieder die Bewegungen der T\u00e4nzer*innen.<br \/>\nZum Ende der Auff\u00fchrung wollte der Beifall f\u00fcr die &#8222;Ambiguous Dance Company&#8220; kein Ende finden. Darauf schlie\u00dfen sich noch einige weitere Gags der Truppe an. Sie f\u00fchren noch Zugaben ein, die sich auf den B\u00fchnen, im Zuschauerraum und auch im Rang des Theater stattfinden.<br \/>\nDas war eine tolle, begeisternde Auff\u00fchrung des koreanischen Teams. Sie haben die Erwartungen des des Tanzpublikums hier voll getroffen.<\/p>\n<p><strong>Peter Dahms<\/strong> [TanzInfo-Berlin.de]<\/p>\n<hr \/>\n<p><strong>Das ganze Programm unter:<\/strong> <a href=\"http:\/\/www.tanzimaugust.de\">www.tanzimaugust.de<\/a><\/p>\n<p><strong>Alle Fotos<\/strong>: \u00a9 Sebastian_Marcovici<\/p>\n","protected":false},"excerpt":{"rendered":"<p>Besuch am 23. August 2019 im HAU1 &#8211; im Festival \u201e31. Tanz im August 2019\u201c &#8211; Deutschlandpremiere<\/p>\n","protected":false},"author":1,"featured_media":1182,"comment_status":"closed","ping_status":"closed","sticky":false,"template":"","format":"standard","meta":{"footnotes":""},"categories":[6,4],"tags":[],"class_list":["post-1181","post","type-post","status-publish","format-standard","has-post-thumbnail","hentry","category-besuchetanz","category-termine"],"_links":{"self":[{"href":"https:\/\/www.dahms-projekt.de\/wordpress\/wp-json\/wp\/v2\/posts\/1181","targetHints":{"allow":["GET"]}}],"collection":[{"href":"https:\/\/www.dahms-projekt.de\/wordpress\/wp-json\/wp\/v2\/posts"}],"about":[{"href":"https:\/\/www.dahms-projekt.de\/wordpress\/wp-json\/wp\/v2\/types\/post"}],"author":[{"embeddable":true,"href":"https:\/\/www.dahms-projekt.de\/wordpress\/wp-json\/wp\/v2\/users\/1"}],"replies":[{"embeddable":true,"href":"https:\/\/www.dahms-projekt.de\/wordpress\/wp-json\/wp\/v2\/comments?post=1181"}],"version-history":[{"count":1,"href":"https:\/\/www.dahms-projekt.de\/wordpress\/wp-json\/wp\/v2\/posts\/1181\/revisions"}],"predecessor-version":[{"id":1186,"href":"https:\/\/www.dahms-projekt.de\/wordpress\/wp-json\/wp\/v2\/posts\/1181\/revisions\/1186"}],"wp:featuredmedia":[{"embeddable":true,"href":"https:\/\/www.dahms-projekt.de\/wordpress\/wp-json\/wp\/v2\/media\/1182"}],"wp:attachment":[{"href":"https:\/\/www.dahms-projekt.de\/wordpress\/wp-json\/wp\/v2\/media?parent=1181"}],"wp:term":[{"taxonomy":"category","embeddable":true,"href":"https:\/\/www.dahms-projekt.de\/wordpress\/wp-json\/wp\/v2\/categories?post=1181"},{"taxonomy":"post_tag","embeddable":true,"href":"https:\/\/www.dahms-projekt.de\/wordpress\/wp-json\/wp\/v2\/tags?post=1181"}],"curies":[{"name":"wp","href":"https:\/\/api.w.org\/{rel}","templated":true}]}}