{"id":1165,"date":"2019-08-17T09:30:40","date_gmt":"2019-08-17T07:30:40","guid":{"rendered":"http:\/\/www.dahms-projekt.de\/wordpress\/?p=1165"},"modified":"2019-08-17T12:50:02","modified_gmt":"2019-08-17T10:50:02","slug":"jerome-bel-isadora-duncan","status":"publish","type":"post","link":"https:\/\/www.dahms-projekt.de\/wordpress\/2019\/08\/17\/jerome-bel-isadora-duncan\/","title":{"rendered":"&#8222;J\u00e9r\u00f4me Bel &#8211; Isadora Duncan&#8220;"},"content":{"rendered":"<p><strong>Besuch<\/strong> am 16. August 2019, 19:00 &#8211; im Deutschen Theater Berlin &#8211;<br \/>\n<strong>im Festival \u201e31. Tanz im August 2019\u201c &#8211; Urauff\u00fchrung<\/strong><!--more--><\/p>\n<p><strong>Konzept<\/strong> J\u00e9r\u00f4me Bel<br \/>\n<strong>Assistenz<\/strong> Sheila Atala<br \/>\n<strong>Mit Elisabeth Schwartz<\/strong><br \/>\n<strong>K\u00fcnstlerische Beratung &amp; Gesch\u00e4ftsf\u00fchrung<\/strong> R.B. J\u00e9r\u00f4me Bel Rebecca Lasselin<br \/>\n<strong>Produktionsmanagement R.B.<\/strong> J\u00e9r\u00f4me Bel Sandro Grando<br \/>\n<strong>Mit Ausz\u00fcgen aus den Tanzst\u00fccken von Isadora Duncan<\/strong><\/p>\n<hr \/>\n<p>&#8222;Mit seinem Solo f\u00fcr die T\u00e4nzerin und Lehrerin Elizabeth Schwartz setzt J\u00e9r\u00f4me Bel die Serie seiner Portr\u00e4ts fort, die er 2004 begann. Erstmals aber zeichnet der franz\u00f6sische Choreograf in \u201cIsadora Duncan\u201d das Portr\u00e4t einer verstorbenen T\u00e4nzerin und verwendet dabei ihr autobiografisches Buch \u201cMy Life\u201d. In der Figur Isadora Duncan entdeckt Bel eine vision\u00e4re Choreografin, die durch ihre gro\u00dfe Freiheit des Ausdrucks sowie ihre Vorliebe f\u00fcr Spontaneit\u00e4t und Nat\u00fcrlichkeit die Basis f\u00fcr den modernen Tanz schuf.\u201c (<em><strong>aus TiA-Programm<\/strong><\/em>)<\/p>\n<hr \/>\n<p><strong>Besuchsbericht<\/strong><\/p>\n<p>Eine leere B\u00fchne, auf der linken Seite befindet sich ein \u201eArbeitstisch mit Laptop usw.\u201c. Die Moderatorin betritt die B\u00fchne und f\u00fchrt die Zuschauer in die folgende Auff\u00fchrung ein. Es wird eine \u201eLecture-Performance\u201c \u00fcber Isodora Duncan und ihren Tanzstil eingebunden in Zitaten aus ihrer Autobiografie. Vorgetragen wird in Englisch mit deutschen \u201e\u00dcbertext\u201c. Demonstriert werden die Tanzst\u00fccke von Elisabeth Schwarz, T\u00e4nzerin und Lehrerin seit Jahrzehnten, gekleidet nach dem Vorbild von Isodora Duncan. Zu den Zitaten aus Duncans Leben wird jeweils eine charakteristische Choreografie in drei Versionen vorgef\u00fchrt. Als Schritt- und Bewegungsfolge ohne Musik, die gleiche Folge jedoch mit Kommentar und Benennung zur den einzelnen Tanzfiguren und als komplette Vorf\u00fchrung mit Musikbegleitung. Elisabeth Schwarz hat diese T\u00e4nze perfekt verinnerlicht, die Darstellung erscheint wie eine Kopie der T\u00e4nze von Isodora Duncan wie sie als wenig Filmausschnitte aber mehr Fotos \u00fcberliefert sind und heute noch die Erinnerung mit Leben erf\u00fcllen. Daf\u00fcr erh\u00e4lt sie mehrmals herzlichen Applaus.Zur Demonstration der Schulungsweise wie sie Duncan praktiziert hatte, werden zw\u00f6lf Zuschauer auf die B\u00fchne gebeten. (\u2026 ein Teil, die sich trauen und ein Teil, die es schon gut k\u00f6nnen!) Systematisch wird eine Choreografie kommentiert und dann nachgetanzt. Nach den drei Durchg\u00e4ngen wirkt alles verstanden und effektvoll umgesetzt, ein toller Eindruck! Viel Applaus f\u00fcr die \u201eLaien\u201c.Die Auff\u00fchrung endet mit der Schilderung von Isodora Duncans tragischen Verlust ihrer zwei Kinder und ihrem spektakul\u00e4ren Unfalltod mit ihrem offenen Sportwagen, erdrosselt von ihrem eigenen Schal.<br \/>\nDas war eine interessante Veranstaltung bunt und informativ, sehr gut umgesetzt.<\/p>\n<p><strong>Peter Dahms<\/strong> [<em>TanzInfo-Berlin.de<\/em>]<\/p>\n<hr \/>\n<p><strong>Foto<\/strong> \u00a9 Arnold_Genthe<\/p>\n<p><strong>Das ganze Programm unter<\/strong> : <a href=\"http:\/\/www.tanzimaugust.de\">www.tanzimaugust.de<\/a><\/p>\n","protected":false},"excerpt":{"rendered":"<p>Besuch am 16. August 2019, 19:00 &#8211; im Deutschen Theater Berlin &#8211; im Festival \u201e31. Tanz im August 2019\u201c &#8211; Urauff\u00fchrung<\/p>\n","protected":false},"author":1,"featured_media":1166,"comment_status":"closed","ping_status":"closed","sticky":false,"template":"","format":"standard","meta":{"footnotes":""},"categories":[6,4],"tags":[],"class_list":["post-1165","post","type-post","status-publish","format-standard","has-post-thumbnail","hentry","category-besuchetanz","category-termine"],"_links":{"self":[{"href":"https:\/\/www.dahms-projekt.de\/wordpress\/wp-json\/wp\/v2\/posts\/1165","targetHints":{"allow":["GET"]}}],"collection":[{"href":"https:\/\/www.dahms-projekt.de\/wordpress\/wp-json\/wp\/v2\/posts"}],"about":[{"href":"https:\/\/www.dahms-projekt.de\/wordpress\/wp-json\/wp\/v2\/types\/post"}],"author":[{"embeddable":true,"href":"https:\/\/www.dahms-projekt.de\/wordpress\/wp-json\/wp\/v2\/users\/1"}],"replies":[{"embeddable":true,"href":"https:\/\/www.dahms-projekt.de\/wordpress\/wp-json\/wp\/v2\/comments?post=1165"}],"version-history":[{"count":5,"href":"https:\/\/www.dahms-projekt.de\/wordpress\/wp-json\/wp\/v2\/posts\/1165\/revisions"}],"predecessor-version":[{"id":1172,"href":"https:\/\/www.dahms-projekt.de\/wordpress\/wp-json\/wp\/v2\/posts\/1165\/revisions\/1172"}],"wp:featuredmedia":[{"embeddable":true,"href":"https:\/\/www.dahms-projekt.de\/wordpress\/wp-json\/wp\/v2\/media\/1166"}],"wp:attachment":[{"href":"https:\/\/www.dahms-projekt.de\/wordpress\/wp-json\/wp\/v2\/media?parent=1165"}],"wp:term":[{"taxonomy":"category","embeddable":true,"href":"https:\/\/www.dahms-projekt.de\/wordpress\/wp-json\/wp\/v2\/categories?post=1165"},{"taxonomy":"post_tag","embeddable":true,"href":"https:\/\/www.dahms-projekt.de\/wordpress\/wp-json\/wp\/v2\/tags?post=1165"}],"curies":[{"name":"wp","href":"https:\/\/api.w.org\/{rel}","templated":true}]}}