{"id":1121,"date":"2019-08-10T10:39:44","date_gmt":"2019-08-10T08:39:44","guid":{"rendered":"http:\/\/www.dahms-projekt.de\/wordpress\/?p=1121"},"modified":"2019-08-10T10:41:43","modified_gmt":"2019-08-10T08:41:43","slug":"31-int-festival-tanz-im-august","status":"publish","type":"post","link":"https:\/\/www.dahms-projekt.de\/wordpress\/2019\/08\/10\/31-int-festival-tanz-im-august\/","title":{"rendered":"31. Int. Festival &#8222;Tanz im August&#8220;"},"content":{"rendered":"<p>Besuch am 09.August 2919 der Er\u00f6ffnung im HAU1 und der Ausstellung in der adk<!--more--><\/p>\n<p>MY CHOREOGRAPHED BODY \u2026 REVISITED &#8211; ANIMALS ON THE BEACH &amp;<\/p>\n<hr \/>\n<figure id=\"attachment_1124\" aria-describedby=\"caption-attachment-1124\" style=\"width: 620px\" class=\"wp-caption aligncenter\"><img loading=\"lazy\" decoding=\"async\" class=\"size-full wp-image-1124\" src=\"https:\/\/www.dahms-projekt.de\/wordpress\/wp-content\/uploads\/2019\/08\/WP_Ausstellung_Montage.jpg\" alt=\"\" width=\"620\" height=\"140\" srcset=\"https:\/\/www.dahms-projekt.de\/wordpress\/wp-content\/uploads\/2019\/08\/WP_Ausstellung_Montage.jpg 620w, https:\/\/www.dahms-projekt.de\/wordpress\/wp-content\/uploads\/2019\/08\/WP_Ausstellung_Montage-150x34.jpg 150w, https:\/\/www.dahms-projekt.de\/wordpress\/wp-content\/uploads\/2019\/08\/WP_Ausstellung_Montage-300x68.jpg 300w\" sizes=\"auto, (max-width: 620px) 100vw, 620px\" \/><figcaption id=\"caption-attachment-1124\" class=\"wp-caption-text\">Foto \u00a9 Montage DP<\/figcaption><\/figure>\n<p>TiA Programm und Ausstellung in der adk am Pariser Platz.<\/p>\n<p>&#8222;Das Programm dieser \u201cRE-Perspective Deborah Hay\u201d ist dicht und vielseitig: \u00dcber den gesamten Zeitraum des Festivals wird ein fast durchgehendes Programm pr\u00e4sentiert, das ganz unterschiedliche Angebote enth\u00e4lt: Von der Multi-Media-Installation \u201cPerception Unfolds\u201d (2014) in der Akademie der K\u00fcnste am Pariser Platz, \u00fcber ganze neue Arbeiten wie das Quintett \u201cAnimals on the Beach\u201d mit Christopher Roman, Ros Warby, Jeanine Durving, Vera Nevanlinna und Tilman O\u2019Donell und die Premiere ihres neuesten Solos \u201cmy choreographed body&#8230; revisited\u201d, das sie selbst performt. Und schlie\u00dflich \u201cTen\u201d, eine Arbeit mit zehn T\u00e4nzer*innen der Berliner Szene, die auf einen jeweils ganz unterschiedlichen Ausbildungs- und Tanzhintergrund zur\u00fcckgreifen. Dieses Experiment f\u00fchrt viele ihrer bisherigen Ans\u00e4tze zusammen. Es wird also sichtbar, dass Deborah Hay auch mit fast 80 Jahren immer noch eine unglaubliche Neugier und Offenheit antreibt.&#8220;<\/p>\n<hr \/>\n<p><strong>Besuchsbericht<\/strong><\/p>\n<figure id=\"attachment_1125\" aria-describedby=\"caption-attachment-1125\" style=\"width: 420px\" class=\"wp-caption aligncenter\"><img loading=\"lazy\" decoding=\"async\" class=\"size-full wp-image-1125\" src=\"https:\/\/www.dahms-projekt.de\/wordpress\/wp-content\/uploads\/2019\/08\/Deborah_Hay_My_Choreogr_Body_c_Camilla_Greenwell_420x380.jpg\" alt=\"\" width=\"420\" height=\"380\" srcset=\"https:\/\/www.dahms-projekt.de\/wordpress\/wp-content\/uploads\/2019\/08\/Deborah_Hay_My_Choreogr_Body_c_Camilla_Greenwell_420x380.jpg 420w, https:\/\/www.dahms-projekt.de\/wordpress\/wp-content\/uploads\/2019\/08\/Deborah_Hay_My_Choreogr_Body_c_Camilla_Greenwell_420x380-150x136.jpg 150w, https:\/\/www.dahms-projekt.de\/wordpress\/wp-content\/uploads\/2019\/08\/Deborah_Hay_My_Choreogr_Body_c_Camilla_Greenwell_420x380-300x271.jpg 300w\" sizes=\"auto, (max-width: 420px) 100vw, 420px\" \/><figcaption id=\"caption-attachment-1125\" class=\"wp-caption-text\">Foto \u00a9 Camilla_Greenwell<\/figcaption><\/figure>\n<p>&#8222;ANIMALS AT THE BEACH&#8220;<\/p>\n<figure id=\"attachment_1126\" aria-describedby=\"caption-attachment-1126\" style=\"width: 620px\" class=\"wp-caption aligncenter\"><img loading=\"lazy\" decoding=\"async\" class=\"wp-image-1126 size-full\" src=\"https:\/\/www.dahms-projekt.de\/wordpress\/wp-content\/uploads\/2019\/08\/Deborah_Hay_c_Catherine_Opie_620x280.jpg\" alt=\"\" width=\"620\" height=\"280\" srcset=\"https:\/\/www.dahms-projekt.de\/wordpress\/wp-content\/uploads\/2019\/08\/Deborah_Hay_c_Catherine_Opie_620x280.jpg 620w, https:\/\/www.dahms-projekt.de\/wordpress\/wp-content\/uploads\/2019\/08\/Deborah_Hay_c_Catherine_Opie_620x280-150x68.jpg 150w, https:\/\/www.dahms-projekt.de\/wordpress\/wp-content\/uploads\/2019\/08\/Deborah_Hay_c_Catherine_Opie_620x280-300x135.jpg 300w\" sizes=\"auto, (max-width: 620px) 100vw, 620px\" \/><figcaption id=\"caption-attachment-1126\" class=\"wp-caption-text\">Foto \u00a9 Catherine_Opie<\/figcaption><\/figure>\n<p>Eine leere, helle B\u00fchne, die Performerin &#8211; Deborah Hay betritt die B\u00fchne. Fortdauernde Stille, sie wird nur kurz von leisen Wortfetzen und Kommentaren unterbrochen. Sie zeigt eine Folge von kurzen Bewegungssequenzen und Schritten \u00fcber die ganze B\u00fchne verteilt. Das Publikum im HAU1 kann den verschiedenen Bewegungsfolgen verfolgen, die sich aus Einzelschritten und K\u00f6rperpositionen zu Bewegungsfolgen verbinden. Deborah Hay sagt jedoch dazu, dass sie sich weniger f\u00fcr die Bewegungen als f\u00fcr die Personen interessiert, die diese ausf\u00fchren und ihre eigenen Interpretationen damit verbinden.<\/p>\n<p>&#8230; das wird in dem folgenden St\u00fcck, &#8222;animals on the beach&#8220; demonstriert. Deborah Hay verl\u00e4sst die B\u00fchne und f\u00fcnf Performer, T\u00e4nzerinnen und T\u00e4nzer treten auf. Es herrscht weiterhin eine fortdauernde Stille, die hierbei jedoch, ganz unterschwellig unterbrochen wird von, nur als eine k\u00f6rperliche Empfindung wahrnehmbare Ger\u00e4usche, die kurz anschwellen , um dann auch sofort wieder der Stille Raum zu lassen.<\/p>\n<p>Die T\u00e4nzerinnen und T\u00e4nzer verbinden die Elemente aus Hays Performancepraxis und -erfahrung zu eigenen Sch\u00f6pfungen und bringen eigene Elemente mit in die Bewegungen, die sie zu Figuren formen, in N\u00e4he und Ferne, Vertraulichkeit und Fremdheit, \u00c4ngste und Freude entwickeln sich zu eigenen Darstellungen von Emotionen. Das St\u00fcck wirkt darin wie ein Lehrst\u00fcck zur Tanztechnik von Deborah Hay und der Weiterentwicklung durch ihre Sch\u00fclerinnen und Sch\u00fcler zu eigenen Kreationen.<\/p>\n<p><strong>Peter Dahms<\/strong> [TanzInfo-Berlin.de]<\/p>\n","protected":false},"excerpt":{"rendered":"<p>Besuch am 09.August 2919 der Er\u00f6ffnung im HAU1 und der Ausstellung in der adk<\/p>\n","protected":false},"author":1,"featured_media":1123,"comment_status":"closed","ping_status":"closed","sticky":false,"template":"","format":"standard","meta":{"footnotes":""},"categories":[6,4],"tags":[],"class_list":["post-1121","post","type-post","status-publish","format-standard","has-post-thumbnail","hentry","category-besuchetanz","category-termine"],"_links":{"self":[{"href":"https:\/\/www.dahms-projekt.de\/wordpress\/wp-json\/wp\/v2\/posts\/1121","targetHints":{"allow":["GET"]}}],"collection":[{"href":"https:\/\/www.dahms-projekt.de\/wordpress\/wp-json\/wp\/v2\/posts"}],"about":[{"href":"https:\/\/www.dahms-projekt.de\/wordpress\/wp-json\/wp\/v2\/types\/post"}],"author":[{"embeddable":true,"href":"https:\/\/www.dahms-projekt.de\/wordpress\/wp-json\/wp\/v2\/users\/1"}],"replies":[{"embeddable":true,"href":"https:\/\/www.dahms-projekt.de\/wordpress\/wp-json\/wp\/v2\/comments?post=1121"}],"version-history":[{"count":4,"href":"https:\/\/www.dahms-projekt.de\/wordpress\/wp-json\/wp\/v2\/posts\/1121\/revisions"}],"predecessor-version":[{"id":1129,"href":"https:\/\/www.dahms-projekt.de\/wordpress\/wp-json\/wp\/v2\/posts\/1121\/revisions\/1129"}],"wp:featuredmedia":[{"embeddable":true,"href":"https:\/\/www.dahms-projekt.de\/wordpress\/wp-json\/wp\/v2\/media\/1123"}],"wp:attachment":[{"href":"https:\/\/www.dahms-projekt.de\/wordpress\/wp-json\/wp\/v2\/media?parent=1121"}],"wp:term":[{"taxonomy":"category","embeddable":true,"href":"https:\/\/www.dahms-projekt.de\/wordpress\/wp-json\/wp\/v2\/categories?post=1121"},{"taxonomy":"post_tag","embeddable":true,"href":"https:\/\/www.dahms-projekt.de\/wordpress\/wp-json\/wp\/v2\/tags?post=1121"}],"curies":[{"name":"wp","href":"https:\/\/api.w.org\/{rel}","templated":true}]}}